{"id":1777,"date":"2023-04-12T10:27:15","date_gmt":"2023-04-12T08:27:15","guid":{"rendered":"\/?p=1777"},"modified":"2023-10-25T15:44:18","modified_gmt":"2023-10-25T13:44:18","slug":"france-retard-pour-accessibilite-transports-commun","status":"publish","type":"post","link":"https:\/\/www.movinon.eu\/en\/nos-actualites\/france-retard-pour-accessibilite-transports-commun\/","title":{"rendered":"La France en retard pour l\u2019accessibilit\u00e9 des transports en commun"},"content":{"rendered":"<div data-elementor-type=\"wp-post\" data-elementor-id=\"1777\" class=\"elementor elementor-1777\" data-elementor-post-type=\"post\">\n\t\t\t\t\t\t<section class=\"elementor-section elementor-top-section elementor-element elementor-element-210b1665 elementor-section-boxed elementor-section-height-default elementor-section-height-default\" data-id=\"210b1665\" data-element_type=\"section\" data-e-type=\"section\">\n\t\t\t\t\t\t<div class=\"elementor-container elementor-column-gap-default\">\n\t\t\t\t\t<div class=\"elementor-column elementor-col-100 elementor-top-column elementor-element elementor-element-86dd7ee\" data-id=\"86dd7ee\" data-element_type=\"column\" data-e-type=\"column\">\n\t\t\t<div class=\"elementor-widget-wrap elementor-element-populated\">\n\t\t\t\t\t\t<section class=\"elementor-section elementor-inner-section elementor-element elementor-element-3200ffb2 elementor-section-boxed elementor-section-height-default elementor-section-height-default\" data-id=\"3200ffb2\" data-element_type=\"section\" data-e-type=\"section\">\n\t\t\t\t\t\t<div class=\"elementor-container elementor-column-gap-no\">\n\t\t\t\t\t<div class=\"elementor-column elementor-col-100 elementor-inner-column elementor-element elementor-element-2ee36940\" data-id=\"2ee36940\" data-element_type=\"column\" data-e-type=\"column\">\n\t\t\t<div class=\"elementor-widget-wrap elementor-element-populated\">\n\t\t\t\t\t\t<div class=\"elementor-element elementor-element-6a85fe82 elementor-widget__width-auto elementor-widget elementor-widget-heading\" data-id=\"6a85fe82\" data-element_type=\"widget\" data-e-type=\"widget\" data-settings=\"{&quot;ekit_we_effect_on&quot;:&quot;none&quot;}\" data-widget_type=\"heading.default\">\n\t\t\t\t<div class=\"elementor-widget-container\">\n\t\t\t\t\t<p class=\"elementor-heading-title elementor-size-default\"><a href=\"https:\/\/www.movinon.eu\/en\">Home<\/a><\/p>\t\t\t\t<\/div>\n\t\t\t\t<\/div>\n\t\t\t\t<div class=\"elementor-element elementor-element-279f2433 elementor-widget__width-auto elementor-view-default elementor-widget elementor-widget-icon\" data-id=\"279f2433\" data-element_type=\"widget\" data-e-type=\"widget\" data-settings=\"{&quot;ekit_we_effect_on&quot;:&quot;none&quot;}\" data-widget_type=\"icon.default\">\n\t\t\t\t<div class=\"elementor-widget-container\">\n\t\t\t\t\t\t\t<div class=\"elementor-icon-wrapper\">\n\t\t\t<div class=\"elementor-icon\">\n\t\t\t<i aria-hidden=\"true\" class=\"icon icon-right-arrow1\"><\/i>\t\t\t<\/div>\n\t\t<\/div>\n\t\t\t\t\t\t<\/div>\n\t\t\t\t<\/div>\n\t\t\t\t<div class=\"elementor-element elementor-element-71ad58bf elementor-widget__width-auto elementor-widget elementor-widget-heading\" data-id=\"71ad58bf\" data-element_type=\"widget\" data-e-type=\"widget\" data-settings=\"{&quot;ekit_we_effect_on&quot;:&quot;none&quot;}\" data-widget_type=\"heading.default\">\n\t\t\t\t<div class=\"elementor-widget-container\">\n\t\t\t\t\t<p class=\"elementor-heading-title elementor-size-default\"><a href=\"https:\/\/www.movinon.eu\/en\/actualites\/\">Our latest news<\/a><\/p>\t\t\t\t<\/div>\n\t\t\t\t<\/div>\n\t\t\t\t<div class=\"elementor-element elementor-element-40fdff28 elementor-widget__width-auto elementor-view-default elementor-widget elementor-widget-icon\" data-id=\"40fdff28\" data-element_type=\"widget\" data-e-type=\"widget\" data-settings=\"{&quot;ekit_we_effect_on&quot;:&quot;none&quot;}\" data-widget_type=\"icon.default\">\n\t\t\t\t<div class=\"elementor-widget-container\">\n\t\t\t\t\t\t\t<div class=\"elementor-icon-wrapper\">\n\t\t\t<div class=\"elementor-icon\">\n\t\t\t<i aria-hidden=\"true\" class=\"icon icon-right-arrow1\"><\/i>\t\t\t<\/div>\n\t\t<\/div>\n\t\t\t\t\t\t<\/div>\n\t\t\t\t<\/div>\n\t\t\t\t<div class=\"elementor-element elementor-element-3e821a4b elementor-widget__width-auto elementor-widget elementor-widget-heading\" data-id=\"3e821a4b\" data-element_type=\"widget\" data-e-type=\"widget\" data-settings=\"{&quot;ekit_we_effect_on&quot;:&quot;none&quot;}\" data-widget_type=\"heading.default\">\n\t\t\t\t<div class=\"elementor-widget-container\">\n\t\t\t\t\t<p class=\"elementor-heading-title elementor-size-default\">La France en retard pour l\u2019accessibilit\u00e9 des transports en commun<\/p>\t\t\t\t<\/div>\n\t\t\t\t<\/div>\n\t\t\t\t\t<\/div>\n\t\t<\/div>\n\t\t\t\t\t<\/div>\n\t\t<\/section>\n\t\t\t\t\t<\/div>\n\t\t<\/div>\n\t\t\t\t\t<\/div>\n\t\t<\/section>\n\t\t\t\t<section class=\"elementor-section elementor-top-section elementor-element elementor-element-1e1c7dc0 elementor-section-boxed elementor-section-height-default elementor-section-height-default\" data-id=\"1e1c7dc0\" data-element_type=\"section\" data-e-type=\"section\">\n\t\t\t\t\t\t<div class=\"elementor-container elementor-column-gap-default\">\n\t\t\t\t\t<div class=\"elementor-column elementor-col-100 elementor-top-column elementor-element elementor-element-28f32e6f\" data-id=\"28f32e6f\" data-element_type=\"column\" data-e-type=\"column\">\n\t\t\t<div class=\"elementor-widget-wrap elementor-element-populated\">\n\t\t\t\t\t\t<div class=\"dce-visibility-event elementor-element elementor-element-434d89e5 elementor-widget__width-auto elementor-widget elementor-widget-text-editor\" data-id=\"434d89e5\" data-element_type=\"widget\" data-e-type=\"widget\" data-settings=\"{&quot;enabled_visibility&quot;:&quot;yes&quot;,&quot;ekit_we_effect_on&quot;:&quot;none&quot;,&quot;dce_visibility_selected&quot;:&quot;yes&quot;}\" data-widget_type=\"text-editor.default\">\n\t\t\t\t<div class=\"elementor-widget-container\">\n\t\t\t\t\t\t\t\t\t<a href=\"https:\/\/www.movinon.eu\/en\/tag\/norms-regulations\/\" rel=\"tag\">Norms &amp; Regulations<\/a>  <a href=\"https:\/\/www.movinon.eu\/en\/tag\/people-mobility\/\" rel=\"tag\">People mobility<\/a>\t\t\t\t\t\t\t\t<\/div>\n\t\t\t\t<\/div>\n\t\t\t\t\t<\/div>\n\t\t<\/div>\n\t\t\t\t\t<\/div>\n\t\t<\/section>\n\t\t\t\t<section class=\"elementor-section elementor-top-section elementor-element elementor-element-459b81c4 elementor-section-boxed elementor-section-height-default elementor-section-height-default\" data-id=\"459b81c4\" data-element_type=\"section\" data-e-type=\"section\">\n\t\t\t\t\t\t<div class=\"elementor-container elementor-column-gap-default\">\n\t\t\t\t\t<div class=\"elementor-column elementor-col-100 elementor-top-column elementor-element elementor-element-5b222f75\" data-id=\"5b222f75\" data-element_type=\"column\" data-e-type=\"column\">\n\t\t\t<div class=\"elementor-widget-wrap elementor-element-populated\">\n\t\t\t\t\t\t<div class=\"elementor-element elementor-element-5d51f530 elementor-widget elementor-widget-heading\" data-id=\"5d51f530\" data-element_type=\"widget\" data-e-type=\"widget\" data-settings=\"{&quot;ekit_we_effect_on&quot;:&quot;none&quot;}\" data-widget_type=\"heading.default\">\n\t\t\t\t<div class=\"elementor-widget-container\">\n\t\t\t\t\t<h2 class=\"elementor-heading-title elementor-size-default\">La France en retard pour l\u2019accessibilit\u00e9 des transports en commun<\/h2>\t\t\t\t<\/div>\n\t\t\t\t<\/div>\n\t\t\t\t\t<\/div>\n\t\t<\/div>\n\t\t\t\t\t<\/div>\n\t\t<\/section>\n\t\t\t\t<section class=\"elementor-section elementor-top-section elementor-element elementor-element-912265c elementor-section-boxed elementor-section-height-default elementor-section-height-default\" data-id=\"912265c\" data-element_type=\"section\" data-e-type=\"section\">\n\t\t\t\t\t\t<div class=\"elementor-container elementor-column-gap-default\">\n\t\t\t\t\t<div class=\"elementor-column elementor-col-100 elementor-top-column elementor-element elementor-element-8b539f0\" data-id=\"8b539f0\" data-element_type=\"column\" data-e-type=\"column\" data-settings=\"{&quot;background_background&quot;:&quot;classic&quot;}\">\n\t\t\t<div class=\"elementor-widget-wrap\">\n\t\t\t\t\t\t\t<\/div>\n\t\t<\/div>\n\t\t\t\t\t<\/div>\n\t\t<\/section>\n\t\t\t\t<section class=\"elementor-section elementor-top-section elementor-element elementor-element-136bca4b elementor-section-boxed elementor-section-height-default elementor-section-height-default\" data-id=\"136bca4b\" data-element_type=\"section\" data-e-type=\"section\">\n\t\t\t\t\t\t<div class=\"elementor-container elementor-column-gap-default\">\n\t\t\t\t\t<div class=\"elementor-column elementor-col-50 elementor-top-column elementor-element elementor-element-37060dab\" data-id=\"37060dab\" data-element_type=\"column\" data-e-type=\"column\">\n\t\t\t<div class=\"elementor-widget-wrap elementor-element-populated\">\n\t\t\t\t\t\t<div class=\"elementor-element elementor-element-35e6a243 elementor-widget elementor-widget-text-editor\" data-id=\"35e6a243\" data-element_type=\"widget\" data-e-type=\"widget\" data-settings=\"{&quot;ekit_we_effect_on&quot;:&quot;none&quot;}\" data-widget_type=\"text-editor.default\">\n\t\t\t\t<div class=\"elementor-widget-container\">\n\t\t\t\t\t\t\t\t\t<p>La loi pour l\u2019\u00e9galit\u00e9 des droits et des chances, la participation et la citoyennet\u00e9 des personnes handicap\u00e9es, a pos\u00e9 le principe fondateur du droit de tous \u00e0 acc\u00e9der \u00e0 l\u2019ensemble des infrastructures et des services de transport publics. Pourtant, ce d\u00e9fi de l&#8217;accessibilit\u00e9 n\u2019a \u00e9t\u00e9 que trop partiellement atteint. <a href=\"https:\/\/docstore.ohchr.org\/SelfServices\/FilesHandler.ashx?enc=6QkG1d%2FPPRiCAqhKb7yhsppzG2aGV9V7jwwTt3BTgywsT00cPcBs4teRNpzwZ%2F8e90S8SG9WCEivodoQxam9M27OQ10n6DqT%2F2ByxvQ42mjiRrzDIvmaCaqKyZeteOH4\">L\u2019ONU, en septembre&nbsp;2021<\/a>, a m\u00eame invit\u00e9 la France \u00e0 se mettre en conformit\u00e9 avec la <a href=\"https:\/\/www.ohchr.org\/fr\/instruments-mechanisms\/instruments\/convention-rights-persons-disabilities\">Convention internationale des droits des personnes handicap\u00e9es<\/a>. Panorama.<\/p>\t\t\t\t\t\t\t\t<\/div>\n\t\t\t\t<\/div>\n\t\t\t\t<div class=\"elementor-element elementor-element-d533437 elementor-widget elementor-widget-heading\" data-id=\"d533437\" data-element_type=\"widget\" data-e-type=\"widget\" data-settings=\"{&quot;ekit_we_effect_on&quot;:&quot;none&quot;}\" data-widget_type=\"heading.default\">\n\t\t\t\t<div class=\"elementor-widget-container\">\n\t\t\t\t\t<h2 class=\"elementor-heading-title elementor-size-default\">Accessibilit\u00e9 : un texte qui n'est pas respect\u00e9<\/h2>\t\t\t\t<\/div>\n\t\t\t\t<\/div>\n\t\t\t\t<div class=\"elementor-element elementor-element-ec53216 elementor-widget elementor-widget-text-editor\" data-id=\"ec53216\" data-element_type=\"widget\" data-e-type=\"widget\" data-settings=\"{&quot;ekit_we_effect_on&quot;:&quot;none&quot;}\" data-widget_type=\"text-editor.default\">\n\t\t\t\t<div class=\"elementor-widget-container\">\n\t\t\t\t\t\t\t\t\t<p>12\u00a0millions de Fran\u00e7ais \u2013 soit 17\u00a0% de la population \u2013 sont atteints par un handicap, que celui-ci soit moteur, sensoriel, cognitif ou mental, tel que reconnu par\u00a0<a href=\"https:\/\/www.legifrance.gouv.fr\/loda\/id\/JORFTEXT000000809647\">la loi \u00ab\u00a0handicap\u00a0\u00bb du 11\u00a0f\u00e9vrier\u00a02005<\/a>. Or, comme l\u2019indique lemonde.fr, le texte qui garantit le principe d\u2019accessibilit\u00e9 pour tous n\u2019est toujours pas respect\u00e9. La d\u00e9l\u00e9gu\u00e9e minist\u00e9rielle \u00e0 l&#8217;accessibilit\u00e9, Carole Guechi, le reconna\u00eet\u00a0: \u00ab\u00a0L\u2019accessibilit\u00e9 n\u2019est toujours pas une politique prioritaire pour les collectivit\u00e9s\u00a0\u00bb.\u00a0<\/p><p>Et pourtant les mesures de la Loi d&#8217;Orientation des Mobilit\u00e9 (LOM) du 24 d\u00e9cembre 2019 sont principalement ax\u00e9es sur les facilit\u00e9s d&#8217;usage de cette accessibilit\u00e9 pour les r\u00e9seaux de bus, cars et trains: tarifs sp\u00e9ciaux pour les accompagnateurs, collecte des donn\u00e9es d\u2019accessibilit\u00e9 des transports et de la voirie pour informer les voyageurs.<\/p><p>D\u2019apr\u00e8s Nicolas M\u00e9rille, le conseiller national d\u2019APF France handicap, les villes notamment n&#8217;ont pas fait assez\u00a0: \u00ab\u00a077 % des communes n\u2019ont toujours pas \u00e9tabli de registre public d\u2019accessibilit\u00e9\u00a0\u00bb. Conclusion\u00a0: les agendas d\u2019accessibilit\u00e9 programm\u00e9e (Ad&#8217;Ap) qui arrivent \u00e0 terme entre 2024 et 2025 n&#8217;ont pas fondamentalement apport\u00e9 les r\u00e9sultats escompt\u00e9s en faveur des personnes en situation de handicap. Pourquoi\u00a0?<\/p>\t\t\t\t\t\t\t\t<\/div>\n\t\t\t\t<\/div>\n\t\t\t\t<div class=\"elementor-element elementor-element-9719276 elementor-widget elementor-widget-heading\" data-id=\"9719276\" data-element_type=\"widget\" data-e-type=\"widget\" data-settings=\"{&quot;ekit_we_effect_on&quot;:&quot;none&quot;}\" data-widget_type=\"heading.default\">\n\t\t\t\t<div class=\"elementor-widget-container\">\n\t\t\t\t\t<h2 class=\"elementor-heading-title elementor-size-default\">S\u2019int\u00e9resser de mani\u00e8re pragmatique aux usages<\/h2>\t\t\t\t<\/div>\n\t\t\t\t<\/div>\n\t\t\t\t<div class=\"elementor-element elementor-element-34142c9a elementor-widget elementor-widget-text-editor\" data-id=\"34142c9a\" data-element_type=\"widget\" data-e-type=\"widget\" data-settings=\"{&quot;ekit_we_effect_on&quot;:&quot;none&quot;}\" data-widget_type=\"text-editor.default\">\n\t\t\t\t<div class=\"elementor-widget-container\">\n\t\t\t\t\t\t\t\t\t<p>L\u2019un des principaux freins constat\u00e9s a \u00e9t\u00e9 le faible pilotage par les autorit\u00e9s organisatrices des transports (AOT) des sch\u00e9mas directeurs d\u2019accessibilit\u00e9 (SDA) et le manque de coordination des multiples acteurs qui interviennent dans la mise en accessibilit\u00e9 des services de transport : autorit\u00e9s organisatrices des transports, gestionnaires de voirie et d\u2019infrastructure, et enfin exploitants.\u00a0<\/p><p>Le constat est tir\u00e9 d\u2019une analyse quantitative et qualitative du Cerema (Centre d\u2019\u00e9tudes et d\u2019expertise sur les risques, l\u2019environnement, la mobilit\u00e9 et l\u2019am\u00e9nagement) portant sur 55 dossiers de SD&#8217;AP au cours de l&#8217;ann\u00e9e 2016 et publi\u00e9 en mai 2017. Certes l\u2019\u00e9tude ne date pas d\u2019aujourd\u2019hui mais depuis la situation n\u2019a pas \u00e9volu\u00e9 dans de notables proportions.\u00a0<\/p><p>Instrument de politique publique,\u00a0le Sd\u2019AP (sch\u00e9ma\u00a0 directeur + agenda) est un document de programmation qui comprend une analyse des actions n\u00e9cessaires \u00e0 la mise en accessibilit\u00e9 du service public de transport, le calendrier de r\u00e9alisation de ces actions ainsi que le plan de financement correspondant. Alors comment s\u2019y prendre ?<\/p><p>\u00ab\u00a0Associer les repr\u00e9sentants de tous les types de handicap, sans oublier les personnes \u00e0 d\u00e9ficience cognitive, psychique ou mentale et \u00e9largir la concertation \u00e0 d\u2019autres publics tels que les repr\u00e9sentants de personnes \u00e2g\u00e9es ou de parents d\u2019\u00e9l\u00e8ves, est un vrai enjeu pour apporter une r\u00e9ponse adapt\u00e9e \u00e0 la diversit\u00e9 des usagers des transports en commun\u00a0\u00bb, assure le Cerema.<\/p>\t\t\t\t\t\t\t\t<\/div>\n\t\t\t\t<\/div>\n\t\t\t\t<div class=\"elementor-element elementor-element-ca4f303 elementor-widget elementor-widget-text-editor\" data-id=\"ca4f303\" data-element_type=\"widget\" data-e-type=\"widget\" data-settings=\"{&quot;ekit_we_effect_on&quot;:&quot;none&quot;}\" data-widget_type=\"text-editor.default\">\n\t\t\t\t<div class=\"elementor-widget-container\">\n\t\t\t\t\t\t\t\t\t<p>\u00ab\u00a0PARIS 2024 \u00c9TAIT UNE CHANCE POUR LES PERSONNES EN SITUATION DE HANDICAP. UNE CHANCE POUR L\u2019ACCESSIBILIT\u00c9 DES TRANSPORTS EN COMMUN ET DES LIEUX PUBLICS\u00a0\u00bb<\/p>\t\t\t\t\t\t\t\t<\/div>\n\t\t\t\t<\/div>\n\t\t\t\t<div class=\"elementor-element elementor-element-ff3e17d elementor-widget elementor-widget-heading\" data-id=\"ff3e17d\" data-element_type=\"widget\" data-e-type=\"widget\" data-settings=\"{&quot;ekit_we_effect_on&quot;:&quot;none&quot;}\" data-widget_type=\"heading.default\">\n\t\t\t\t<div class=\"elementor-widget-container\">\n\t\t\t\t\t<h2 class=\"elementor-heading-title elementor-size-default\">Les Jeux Olympiques, vraiment accessibles ?<\/h2>\t\t\t\t<\/div>\n\t\t\t\t<\/div>\n\t\t\t\t<div class=\"elementor-element elementor-element-6cf7874 elementor-widget__width-initial elementor-widget elementor-widget-text-editor\" data-id=\"6cf7874\" data-element_type=\"widget\" data-e-type=\"widget\" data-settings=\"{&quot;ekit_we_effect_on&quot;:&quot;none&quot;}\" data-widget_type=\"text-editor.default\">\n\t\t\t\t<div class=\"elementor-widget-container\">\n\t\t\t\t\t\t\t\t\t<p>\u00c9v\u00e9nement majeur, les Jeux olympiques et paralympiques de Paris en\u00a02024 devaient \u00eatre inclusifs\u00a0et exemplaires en mati\u00e8re d\u2019accessibilit\u00e9 universelle. L\u2019enjeu est de taille\u00a0: 350\u00a0000\u00a0visiteurs en situation de handicap sont attendus pendant l\u2019\u00e9t\u00e9 2024 en r\u00e9gion parisienne pour la grande messe universelle du sport. \u00ab\u00a0Mais le compte n\u2019y est pas et la question se pose de savoir s\u2019il faut parler de cette ambition au pass\u00e9, alerte, dans une tribune publi\u00e9e par le journal \u00ab\u00a0Le Monde\u00a0\u00bb, Pascale Ribes, pr\u00e9sidente d\u2019APF France handicap.\u00a0<\/p><p>\u00ab\u00a0Paris 2024 \u00e9tait une chance pour les personnes en situation de handicap. Une chance pour l\u2019accessibilit\u00e9 des transports en commun et des lieux publics (\u2026)\u00a0; ces JO constituent en effet une opportunit\u00e9 exceptionnelle de d\u00e9veloppement pour la France avec des impacts \u00e9conomiques, sociaux, soci\u00e9taux et territoriaux pour toutes et tous\u00a0\u00bb. Mais voil\u00e0, d\u00e9j\u00e0 les Jeux olympiques et paralympiques de Paris\u00a02024 courent apr\u00e8s leur retard\u2026<\/p>\t\t\t\t\t\t\t\t<\/div>\n\t\t\t\t<\/div>\n\t\t\t\t<div class=\"elementor-element elementor-element-cf87e62 elementor-widget elementor-widget-heading\" data-id=\"cf87e62\" data-element_type=\"widget\" data-e-type=\"widget\" data-settings=\"{&quot;ekit_we_effect_on&quot;:&quot;none&quot;}\" data-widget_type=\"heading.default\">\n\t\t\t\t<div class=\"elementor-widget-container\">\n\t\t\t\t\t<h2 class=\"elementor-heading-title elementor-size-default\">Les chiffres dans l'Hexagone<\/h2>\t\t\t\t<\/div>\n\t\t\t\t<\/div>\n\t\t\t\t<div class=\"elementor-element elementor-element-c13eef3 elementor-widget elementor-widget-text-editor\" data-id=\"c13eef3\" data-element_type=\"widget\" data-e-type=\"widget\" data-settings=\"{&quot;ekit_we_effect_on&quot;:&quot;none&quot;}\" data-widget_type=\"text-editor.default\">\n\t\t\t\t<div class=\"elementor-widget-container\">\n\t\t\t\t\t\t\t\t\t<p>Aujourd\u2019hui, dans l\u2019ensemble de l\u2019Hexagone, la situation est contrast\u00e9e en terme d\u2019accessibilit\u00e9, notamment au niveau du transport ferroviaire port\u00e9 par un sch\u00e9ma national qui regroupe les 160 plus grandes gares de France, class\u00e9es \u00a0prioritaires. Or, le dernier bilan \u00e0 fin 2021 comptabilisait 78 gares accessibles, \u00e0 la fois pour le b\u00e2timent voyageur et pour la partie des quais.\u00a0<\/p><p>La SNCF estime qu\u2019\u00e0 \u00e9ch\u00e9ance 2025, \u00e0 la fin des Ad\u2019Ap, elle aura achev\u00e9 les travaux de 135 gares sur 160. Elle projette qu\u2019elle n\u2019atteindra pas les 100 % escompt\u00e9s avant 2029. Toutes r\u00e9gions confondues, y compris l\u2019Ile-de-France, 70% des gares seront accessibles fin 2025 sur 570 gares r\u00e9gionales class\u00e9es comme prioritaires.\u00a0<\/p><p>C\u2019est \u00e0 la fois peu et beaucoup, \u00e0 chacun son angle de vue. \u00ab\u00a0En 7 ans, il y a une vraie ing\u00e9nierie de l\u2019accessibilit\u00e9 qui s\u2019est d\u00e9velopp\u00e9e au sein de la SNCF, de SNCF R\u00e9seau et de Gares et connexions en particulier\u00a0\u00bb, avan\u00e7ait pour sa part Carole Guechi, au cours d\u2019un entretien publi\u00e9 par le portail de la gazette des communes en f\u00e9vrier dernier.<\/p><p>Cependant des villes ou m\u00e9tropoles ont pris les affaires en mains et fournissent depuis quelques ann\u00e9es un r\u00e9el effort pour favoriser l\u2019inclusivit\u00e9 des PMR (personnes \u00e0 mobilit\u00e9 r\u00e9duite) sur leur p\u00e9rim\u00e8tre, comme \u00e0 Bordeaux, Nantes, Grenoble, Niort ou Rennes. Il s\u2019agit tout d\u2019abord de s\u2019int\u00e9resser de mani\u00e8re pragmatique aux usages et en essayant de trouver des r\u00e9ponses adapt\u00e9es aux besoins et attentes de tous. En voici deux exemples en r\u00e9gions, parmi d\u2019autres.<\/p>\t\t\t\t\t\t\t\t<\/div>\n\t\t\t\t<\/div>\n\t\t\t\t<div class=\"elementor-element elementor-element-6a273dc elementor-widget elementor-widget-image\" data-id=\"6a273dc\" data-element_type=\"widget\" data-e-type=\"widget\" data-settings=\"{&quot;ekit_we_effect_on&quot;:&quot;none&quot;}\" data-widget_type=\"image.default\">\n\t\t\t\t<div class=\"elementor-widget-container\">\n\t\t\t\t\t\t\t\t\t\t\t\t<figure class=\"wp-caption\">\n\t\t\t\t\t\t\t\t\t\t<img fetchpriority=\"high\" decoding=\"async\" width=\"800\" height=\"600\" src=\"https:\/\/www.movinon.eu\/wp-content\/uploads\/2023\/04\/Sans-titre-1024x768.jpg\" class=\"attachment-large size-large wp-image-2476\" alt=\"accessibilit\u00e9\" srcset=\"https:\/\/www.movinon.eu\/wp-content\/uploads\/2023\/04\/Sans-titre-1024x768.jpg 1024w, https:\/\/www.movinon.eu\/wp-content\/uploads\/2023\/04\/Sans-titre-300x225.jpg 300w, https:\/\/www.movinon.eu\/wp-content\/uploads\/2023\/04\/Sans-titre-768x576.jpg 768w, https:\/\/www.movinon.eu\/wp-content\/uploads\/2023\/04\/Sans-titre.jpg 1040w\" sizes=\"(max-width: 800px) 100vw, 800px\" \/>\t\t\t\t\t\t\t\t\t\t\t<figcaption class=\"widget-image-caption wp-caption-text\">Entre 2009 et 2015, la fr\u00e9quentation du tramway lyonnais a augment\u00e9 de 80 %\n\nCr\u00e9dit photo : Didier Rougeyron<\/figcaption>\n\t\t\t\t\t\t\t\t\t\t<\/figure>\n\t\t\t\t\t\t\t\t\t<\/div>\n\t\t\t\t<\/div>\n\t\t\t\t<div class=\"elementor-element elementor-element-194871f elementor-widget elementor-widget-heading\" data-id=\"194871f\" data-element_type=\"widget\" data-e-type=\"widget\" data-settings=\"{&quot;ekit_we_effect_on&quot;:&quot;none&quot;}\" data-widget_type=\"heading.default\">\n\t\t\t\t<div class=\"elementor-widget-container\">\n\t\t\t\t\t<h2 class=\"elementor-heading-title elementor-size-default\">Lyon, 1er prix des villes europ\u00e9ennes les plus accessibles  <\/h2>\t\t\t\t<\/div>\n\t\t\t\t<\/div>\n\t\t\t\t<div class=\"elementor-element elementor-element-f7d249e elementor-widget elementor-widget-text-editor\" data-id=\"f7d249e\" data-element_type=\"widget\" data-e-type=\"widget\" data-settings=\"{&quot;ekit_we_effect_on&quot;:&quot;none&quot;}\" data-widget_type=\"text-editor.default\">\n\t\t\t\t<div class=\"elementor-widget-container\">\n\t\t\t\t\t\t\t\t\t<p>Comme le rappelle lesechos.fr, depuis 2008, le\u00a0Syndicat de transports de l&#8217;agglom\u00e9ration lyonnaise (Sytral) a engag\u00e9 plus de 100\u00a0millions d&#8217;euros pour rendre l&#8217;int\u00e9gralit\u00e9 du r\u00e9seau accessible \u00e0 tous. La majeure partie des \u00e9quipements publics de la m\u00e9tropole et en particulier les transports publics permettent l\u2019acc\u00e8s aux PMR. Les bus affichent un taux d\u2019accessibilit\u00e9 aux PMR de 100% tandis que plus des trois quarts des carrefours de la ville sont \u00e9quip\u00e9s de dispositifs sonores afin de s\u00e9curiser la travers\u00e9e des personnes mal-voyantes.<\/p><p>Les stations des quatre lignes de m\u00e9tro sont \u00e9quip\u00e9es d&#8217;ascenseurs sonoris\u00e9s et de commandes en relief et en braille dans leur totalit\u00e9. Le r\u00e9seau dispose en outre de plus de 120 escaliers m\u00e9caniques et plus de 90 ascenseurs. Tous les quais sont \u00e9quip\u00e9s\u00a0de dalles signalant par un relief la proximit\u00e9\u00a0de la voie. De surcroit ils sont dot\u00e9s de dalles carr\u00e9es de pr\u00e9-rep\u00e9rage, permettant aux usagers de se\u00a0placer face aux portes de la rame.<\/p><p>\u00c0 l\u2019int\u00e9rieur, toutes les voitures disposent du fameux avertissement de la fermeture des portes par un signal sonore et par le clignotement d&#8217;un voyant lumineux. L&#8217;annonce par haut parleur des prochaines stations travers\u00e9es et des correspondances renseigne les mal et non-voyants dans le m\u00e9tro comme dans le tramway.<\/p><p><span style=\"color: var( --e-global-color-text );\">Un budget annuel de 3\u00a0millions d&#8217;euros est consacr\u00e9 \u00e0 ces travaux pour les futurs arr\u00eats \u00e0 configurer. Pour ce qui concerne les nouveaux bus, un haut-parleur ext\u00e9rieur se d\u00e9clenche automatiquement\u00a0par l&#8217;activation de la t\u00e9l\u00e9commande de travers\u00e9e\u00a0pi\u00e9tonne fournie par la M\u00e9tropole aux personnes non-voyantes.<\/span><\/p><p>Fruit de ce dispositif, en 2017 Lyon a \u00e9t\u00e9 r\u00e9compens\u00e9e par la Commission europ\u00e9enne du 1<sup>st<\/sup> prix des villes les plus accessibles devant Ljubljana (Slov\u00e9nie) et la ville de Luxembourg.<\/p>\t\t\t\t\t\t\t\t<\/div>\n\t\t\t\t<\/div>\n\t\t\t\t<div class=\"elementor-element elementor-element-59aef28 elementor-widget elementor-widget-heading\" data-id=\"59aef28\" data-element_type=\"widget\" data-e-type=\"widget\" data-settings=\"{&quot;ekit_we_effect_on&quot;:&quot;none&quot;}\" data-widget_type=\"heading.default\">\n\t\t\t\t<div class=\"elementor-widget-container\">\n\t\t\t\t\t<h2 class=\"elementor-heading-title elementor-size-default\">Des acteurs diversifi\u00e9s, une volont\u00e9 commune pour plus d'accessibilit\u00e9<\/h2>\t\t\t\t<\/div>\n\t\t\t\t<\/div>\n\t\t\t\t<div class=\"elementor-element elementor-element-9caa8a7 elementor-widget elementor-widget-text-editor\" data-id=\"9caa8a7\" data-element_type=\"widget\" data-e-type=\"widget\" data-settings=\"{&quot;ekit_we_effect_on&quot;:&quot;none&quot;}\" data-widget_type=\"text-editor.default\">\n\t\t\t\t<div class=\"elementor-widget-container\">\n\t\t\t\t\t\t\t\t\t<p>Dans la ville voisine de Saint-Etienne, depuis 2021, la STAS inclut les acteurs du handicap dans sa d\u00e9marche d\u2019am\u00e9lioration continue de l\u2019accessibilit\u00e9 au sein du r\u00e9seau de transports en commun. Cette nouvelle strat\u00e9gie, dite \u00ab&nbsp;plus inclusive&nbsp;\u00bb, a \u00e9t\u00e9 mise en place afin de mieux appr\u00e9hender les probl\u00e9matiques li\u00e9es aux handicaps.<\/p>\n<p>D\u2019apr\u00e8s la communication de l\u2019op\u00e9rateur de transport Transdev, un lien \u00e9troit est d\u00e9sormais tiss\u00e9 entre repr\u00e9sentants des associations de personnes handicap\u00e9es, instances m\u00e9tropolitaines et voyageurs porteurs de handicap. Ainsi, non-voyants, sourds, personnes \u00e0 mobilit\u00e9 r\u00e9duite partagent et collaborent avec les salari\u00e9s du r\u00e9seau.&nbsp;<\/p><p>Tous sont mus par une volont\u00e9 commune : travailler ensemble sur des solutions de transport durables et efficaces. L\u2019objectif de la d\u00e9marche est simple : signaler efficacement tout ce qui peut perturber le bon fonctionnement d\u2019un trajet.<\/p>\t\t\t\t\t\t\t\t<\/div>\n\t\t\t\t<\/div>\n\t\t\t\t<section class=\"elementor-section elementor-inner-section elementor-element elementor-element-324adfa8 elementor-section-boxed elementor-section-height-default elementor-section-height-default\" data-id=\"324adfa8\" data-element_type=\"section\" data-e-type=\"section\">\n\t\t\t\t\t\t<div class=\"elementor-container elementor-column-gap-default\">\n\t\t\t\t\t<div class=\"elementor-column elementor-col-100 elementor-inner-column elementor-element elementor-element-7b5dbee7\" data-id=\"7b5dbee7\" data-element_type=\"column\" data-e-type=\"column\" data-settings=\"{&quot;background_background&quot;:&quot;classic&quot;}\">\n\t\t\t<div class=\"elementor-widget-wrap elementor-element-populated\">\n\t\t\t\t\t<div class=\"elementor-background-overlay\"><\/div>\n\t\t\t\t\t\t<section class=\"elementor-section elementor-inner-section elementor-element elementor-element-26f1b9c0 elementor-section-height-min-height elementor-section-boxed elementor-section-height-default\" data-id=\"26f1b9c0\" data-element_type=\"section\" data-e-type=\"section\">\n\t\t\t\t\t\t<div class=\"elementor-container elementor-column-gap-default\">\n\t\t\t\t\t<div class=\"elementor-column elementor-col-100 elementor-inner-column elementor-element elementor-element-741b17b2\" data-id=\"741b17b2\" data-element_type=\"column\" data-e-type=\"column\">\n\t\t\t<div class=\"elementor-widget-wrap elementor-element-populated\">\n\t\t\t\t\t\t<div class=\"elementor-element elementor-element-40dd8496 elementor-widget elementor-widget-heading\" data-id=\"40dd8496\" data-element_type=\"widget\" data-e-type=\"widget\" data-settings=\"{&quot;ekit_we_effect_on&quot;:&quot;none&quot;}\" data-widget_type=\"heading.default\">\n\t\t\t\t<div class=\"elementor-widget-container\">\n\t\t\t\t\t<h2 class=\"elementor-heading-title elementor-size-default\">All Movin'On news <br>\nin your mailbox<\/h2>\t\t\t\t<\/div>\n\t\t\t\t<\/div>\n\t\t\t\t<div class=\"elementor-element elementor-element-5837ad4c elementor-align-left elementor-widget elementor-widget-button\" data-id=\"5837ad4c\" data-element_type=\"widget\" data-e-type=\"widget\" data-settings=\"{&quot;ekit_we_effect_on&quot;:&quot;none&quot;}\" data-widget_type=\"button.default\">\n\t\t\t\t<div class=\"elementor-widget-container\">\n\t\t\t\t\t\t\t\t\t<div class=\"elementor-button-wrapper\">\n\t\t\t\t\t<a class=\"elementor-button elementor-button-link elementor-size-sm elementor-animation-shrink\" href=\"https:\/\/www.movinon.eu\/en\/newsletter\/\">\n\t\t\t\t\t\t<span class=\"elementor-button-content-wrapper\">\n\t\t\t\t\t\t\t\t\t<span class=\"elementor-button-text\">Subscribe to the newsletter<\/span>\n\t\t\t\t\t<\/span>\n\t\t\t\t\t<\/a>\n\t\t\t\t<\/div>\n\t\t\t\t\t\t\t\t<\/div>\n\t\t\t\t<\/div>\n\t\t\t\t\t<\/div>\n\t\t<\/div>\n\t\t\t\t\t<\/div>\n\t\t<\/section>\n\t\t\t\t\t<\/div>\n\t\t<\/div>\n\t\t\t\t\t<\/div>\n\t\t<\/section>\n\t\t\t\t<div class=\"elementor-element elementor-element-ac39270 elementor-widget elementor-widget-heading\" data-id=\"ac39270\" data-element_type=\"widget\" data-e-type=\"widget\" data-settings=\"{&quot;ekit_we_effect_on&quot;:&quot;none&quot;}\" data-widget_type=\"heading.default\">\n\t\t\t\t<div class=\"elementor-widget-container\">\n\t\t\t\t\t<h2 class=\"elementor-heading-title elementor-size-default\">Un plan d\u2019action collaboratif<\/h2>\t\t\t\t<\/div>\n\t\t\t\t<\/div>\n\t\t\t\t<div class=\"elementor-element elementor-element-02ad76d elementor-widget elementor-widget-text-editor\" data-id=\"02ad76d\" data-element_type=\"widget\" data-e-type=\"widget\" data-settings=\"{&quot;ekit_we_effect_on&quot;:&quot;none&quot;}\" data-widget_type=\"text-editor.default\">\n\t\t\t\t<div class=\"elementor-widget-container\">\n\t\t\t\t\t\t\t\t\t<p>En compl\u00e9ment de ce nouveau syst\u00e8me d\u2019alerte, des visites du r\u00e9seau sont men\u00e9es chaque trimestre par des bin\u00f4mes compos\u00e9s d\u2019un agent de la STAS et d\u2019une personne handicap\u00e9e. Des lignes sp\u00e9cifiques sont alors parcourues et tous les aspects du voyage accessible y sont analys\u00e9s : audibilit\u00e9 des annonces sonores, lisibilit\u00e9 des affichages, fiabilit\u00e9 de la palette PMR mais aussi, hauteur ou pr\u00e9sence des valideurs, comportement du personnel ou des autres voyageurs.<\/p>\n<p>Des visites de r\u00e9seau en bin\u00f4me, des actions de pr\u00e9vention sur le vivre ensemble et la place du handicap au cours d\u2019un voyage sont programm\u00e9es toute cette ann\u00e9e 2023 avec des agents de la <a href=\"https:\/\/www.transdev.com\/cn\/reseaux\/stas-2\/\">STAS<\/a> et les personnes handicap\u00e9es volontaires. Filiale de Transdev, la Soci\u00e9t\u00e9 de transport de l&#8217;agglom\u00e9ration st\u00e9phanoise est une entreprise de transport en commun, charg\u00e9e de la desserte des 53 communes de Saint-\u00c9tienne M\u00e9tropole.<\/p>\n<p>Dans l\u2019Hexagone, l&#8217;inclusion compl\u00e8te des personnes en situation de handicap est encore loin d&#8217;\u00eatre une r\u00e9alit\u00e9. Pour lagazettedescommunes.com, les handicaps mentaux, cognitifs ou psychiques, beaucoup plus r\u00e9pandus que le handicap moteur avec fauteuil roulant, restent m\u00eame \u00ab&nbsp;un angle mort de l\u2019accessibilit\u00e9&nbsp;\u00bb.<\/p>\t\t\t\t\t\t\t\t<\/div>\n\t\t\t\t<\/div>\n\t\t\t\t\t<\/div>\n\t\t<\/div>\n\t\t\t\t<div class=\"elementor-column elementor-col-50 elementor-top-column elementor-element elementor-element-1ca35db2\" data-id=\"1ca35db2\" data-element_type=\"column\" data-e-type=\"column\">\n\t\t\t<div class=\"elementor-widget-wrap elementor-element-populated\">\n\t\t\t\t\t\t<div class=\"elementor-element elementor-element-7dc90ea9 elementor-widget elementor-widget-heading\" data-id=\"7dc90ea9\" data-element_type=\"widget\" data-e-type=\"widget\" data-settings=\"{&quot;ekit_we_effect_on&quot;:&quot;none&quot;}\" data-widget_type=\"heading.default\">\n\t\t\t\t<div class=\"elementor-widget-container\">\n\t\t\t\t\t<h2 class=\"elementor-heading-title elementor-size-default\">Auteur<\/h2>\t\t\t\t<\/div>\n\t\t\t\t<\/div>\n\t\t\t\t<section class=\"elementor-section elementor-inner-section elementor-element elementor-element-5ebdfab1 elementor-section-content-middle elementor-section-boxed elementor-section-height-default elementor-section-height-default\" data-id=\"5ebdfab1\" data-element_type=\"section\" data-e-type=\"section\" data-settings=\"{&quot;background_background&quot;:&quot;classic&quot;}\">\n\t\t\t\t\t\t<div class=\"elementor-container elementor-column-gap-no\">\n\t\t\t\t\t<div class=\"elementor-column elementor-col-33 elementor-inner-column elementor-element elementor-element-d0ffa7a\" data-id=\"d0ffa7a\" data-element_type=\"column\" data-e-type=\"column\">\n\t\t\t<div class=\"elementor-widget-wrap elementor-element-populated\">\n\t\t\t\t\t\t<div class=\"elementor-element elementor-element-44d85952 elementor-widget elementor-widget-image\" data-id=\"44d85952\" data-element_type=\"widget\" data-e-type=\"widget\" data-settings=\"{&quot;ekit_we_effect_on&quot;:&quot;none&quot;}\" data-widget_type=\"image.default\">\n\t\t\t\t<div class=\"elementor-widget-container\">\n\t\t\t\t\t\t\t\t\t\t\t\t\t\t\t<img decoding=\"async\" src=\"https:\/\/www.movinon.eu\/wp-content\/uploads\/elementor\/thumbs\/didier-rougeyron-journaliste-movinon-q8mutx69kv0pae1nt6yoam3ty1xb41zlwxogejt83s.png\" title=\"didier rougeyron journaliste movin&#8217;on\" alt=\"didier rougeyron journaliste movin&#039;on\" loading=\"lazy\" \/>\t\t\t\t\t\t\t\t\t\t\t\t\t\t\t<\/div>\n\t\t\t\t<\/div>\n\t\t\t\t\t<\/div>\n\t\t<\/div>\n\t\t\t\t<div class=\"elementor-column elementor-col-33 elementor-inner-column elementor-element elementor-element-7c9d0912\" data-id=\"7c9d0912\" data-element_type=\"column\" data-e-type=\"column\">\n\t\t\t<div class=\"elementor-widget-wrap elementor-element-populated\">\n\t\t\t\t\t\t<div class=\"elementor-element elementor-element-2e8cb9a7 elementor-widget elementor-widget-text-editor\" data-id=\"2e8cb9a7\" data-element_type=\"widget\" data-e-type=\"widget\" data-settings=\"{&quot;ekit_we_effect_on&quot;:&quot;none&quot;}\" data-widget_type=\"text-editor.default\">\n\t\t\t\t<div class=\"elementor-widget-container\">\n\t\t\t\t\t\t\t\t\t<p><strong>Didier ROUGEYRON<\/strong><\/p>\t\t\t\t\t\t\t\t<\/div>\n\t\t\t\t<\/div>\n\t\t\t\t\t<\/div>\n\t\t<\/div>\n\t\t\t\t<div class=\"elementor-column elementor-col-33 elementor-inner-column elementor-element elementor-element-522aee4b\" data-id=\"522aee4b\" data-element_type=\"column\" data-e-type=\"column\">\n\t\t\t<div class=\"elementor-widget-wrap elementor-element-populated\">\n\t\t\t\t\t\t<div class=\"elementor-element elementor-element-662deea7 elementor-shape-square elementor-grid-2 e-grid-align-right elementor-widget elementor-widget-social-icons\" data-id=\"662deea7\" data-element_type=\"widget\" data-e-type=\"widget\" data-settings=\"{&quot;ekit_we_effect_on&quot;:&quot;none&quot;}\" data-widget_type=\"social-icons.default\">\n\t\t\t\t<div class=\"elementor-widget-container\">\n\t\t\t\t\t\t\t<div class=\"elementor-social-icons-wrapper elementor-grid\">\n\t\t\t\t\t\t\t<span class=\"elementor-grid-item\">\n\t\t\t\t\t<a class=\"elementor-icon elementor-social-icon elementor-social-icon-linkedin elementor-animation-grow elementor-repeater-item-a3f4efb\" href=\"https:\/\/www.linkedin.com\/in\/didier-rougeyron-6800291a\/\" target=\"_blank\">\n\t\t\t\t\t\t<span class=\"elementor-screen-only\">Linkedin<\/span>\n\t\t\t\t\t\t<i aria-hidden=\"true\" class=\"fab fa-linkedin\"><\/i>\t\t\t\t\t<\/a>\n\t\t\t\t<\/span>\n\t\t\t\t\t<\/div>\n\t\t\t\t\t\t<\/div>\n\t\t\t\t<\/div>\n\t\t\t\t\t<\/div>\n\t\t<\/div>\n\t\t\t\t\t<\/div>\n\t\t<\/section>\n\t\t\t\t<section class=\"elementor-section elementor-inner-section elementor-element elementor-element-22615016 elementor-section-boxed elementor-section-height-default elementor-section-height-default\" data-id=\"22615016\" data-element_type=\"section\" data-e-type=\"section\">\n\t\t\t\t\t\t<div class=\"elementor-container elementor-column-gap-no\">\n\t\t\t\t\t<div class=\"elementor-column elementor-col-50 elementor-inner-column elementor-element elementor-element-9898937\" data-id=\"9898937\" data-element_type=\"column\" data-e-type=\"column\">\n\t\t\t<div class=\"elementor-widget-wrap elementor-element-populated\">\n\t\t\t\t\t\t<div class=\"elementor-element elementor-element-7ac8067b elementor-widget elementor-widget-heading\" data-id=\"7ac8067b\" data-element_type=\"widget\" data-e-type=\"widget\" data-settings=\"{&quot;ekit_we_effect_on&quot;:&quot;none&quot;}\" data-widget_type=\"heading.default\">\n\t\t\t\t<div class=\"elementor-widget-container\">\n\t\t\t\t\t<h2 class=\"elementor-heading-title elementor-size-default\">Share<\/h2>\t\t\t\t<\/div>\n\t\t\t\t<\/div>\n\t\t\t\t\t<\/div>\n\t\t<\/div>\n\t\t\t\t<div class=\"elementor-column elementor-col-50 elementor-inner-column elementor-element elementor-element-43e18d9d\" data-id=\"43e18d9d\" data-element_type=\"column\" data-e-type=\"column\">\n\t\t\t<div class=\"elementor-widget-wrap elementor-element-populated\">\n\t\t\t\t\t\t<div class=\"elementor-element elementor-element-fb196cb elementor-share-buttons--view-icon elementor-share-buttons--skin-minimal elementor-share-buttons--shape-rounded elementor-share-buttons--color-custom elementor-grid-0 elementor-widget elementor-widget-share-buttons\" data-id=\"fb196cb\" data-element_type=\"widget\" data-e-type=\"widget\" data-settings=\"{&quot;ekit_we_effect_on&quot;:&quot;none&quot;}\" data-widget_type=\"share-buttons.default\">\n\t\t\t\t<div class=\"elementor-widget-container\">\n\t\t\t\t\t\t\t<div class=\"elementor-grid\" role=\"list\">\n\t\t\t\t\t\t\t\t<div class=\"elementor-grid-item\" role=\"listitem\">\n\t\t\t\t\t\t<div class=\"elementor-share-btn elementor-share-btn_facebook\" role=\"button\" tabindex=\"0\" aria-label=\"Partager sur facebook\">\n\t\t\t\t\t\t\t\t\t\t\t\t\t\t\t<span class=\"elementor-share-btn__icon\">\n\t\t\t\t\t\t\t\t<i class=\"fab fa-facebook\" aria-hidden=\"true\"><\/i>\t\t\t\t\t\t\t<\/span>\n\t\t\t\t\t\t\t\t\t\t\t\t\t\t\t\t\t\t\t\t<\/div>\n\t\t\t\t\t<\/div>\n\t\t\t\t\t\t\t\t\t<div class=\"elementor-grid-item\" role=\"listitem\">\n\t\t\t\t\t\t<div class=\"elementor-share-btn elementor-share-btn_linkedin\" role=\"button\" tabindex=\"0\" aria-label=\"Partager sur linkedin\">\n\t\t\t\t\t\t\t\t\t\t\t\t\t\t\t<span class=\"elementor-share-btn__icon\">\n\t\t\t\t\t\t\t\t<i class=\"fab fa-linkedin\" aria-hidden=\"true\"><\/i>\t\t\t\t\t\t\t<\/span>\n\t\t\t\t\t\t\t\t\t\t\t\t\t\t\t\t\t\t\t\t<\/div>\n\t\t\t\t\t<\/div>\n\t\t\t\t\t\t\t\t\t<div class=\"elementor-grid-item\" role=\"listitem\">\n\t\t\t\t\t\t<div class=\"elementor-share-btn elementor-share-btn_twitter\" role=\"button\" tabindex=\"0\" aria-label=\"Partager sur twitter\">\n\t\t\t\t\t\t\t\t\t\t\t\t\t\t\t<span class=\"elementor-share-btn__icon\">\n\t\t\t\t\t\t\t\t<i class=\"fab fa-twitter\" aria-hidden=\"true\"><\/i>\t\t\t\t\t\t\t<\/span>\n\t\t\t\t\t\t\t\t\t\t\t\t\t\t\t\t\t\t\t\t<\/div>\n\t\t\t\t\t<\/div>\n\t\t\t\t\t\t<\/div>\n\t\t\t\t\t\t<\/div>\n\t\t\t\t<\/div>\n\t\t\t\t\t<\/div>\n\t\t<\/div>\n\t\t\t\t\t<\/div>\n\t\t<\/section>\n\t\t\t\t<section class=\"elementor-section elementor-inner-section elementor-element elementor-element-d786862 elementor-section-boxed elementor-section-height-default elementor-section-height-default\" data-id=\"d786862\" data-element_type=\"section\" data-e-type=\"section\">\n\t\t\t\t\t\t<div class=\"elementor-container elementor-column-gap-default\">\n\t\t\t\t\t<div class=\"elementor-column elementor-col-100 elementor-inner-column elementor-element elementor-element-6170c23\" data-id=\"6170c23\" data-element_type=\"column\" data-e-type=\"column\">\n\t\t\t<div class=\"elementor-widget-wrap elementor-element-populated\">\n\t\t\t\t\t\t<div class=\"elementor-element elementor-element-fd6d54d elementor-widget elementor-widget-heading\" data-id=\"fd6d54d\" data-element_type=\"widget\" data-e-type=\"widget\" data-settings=\"{&quot;ekit_we_effect_on&quot;:&quot;none&quot;}\" data-widget_type=\"heading.default\">\n\t\t\t\t<div class=\"elementor-widget-container\">\n\t\t\t\t\t<h2 class=\"elementor-heading-title elementor-size-default\">Tweets de @movinonconnect<\/h2>\t\t\t\t<\/div>\n\t\t\t\t<\/div>\n\t\t\t\t<div class=\"elementor-element elementor-element-210766c elementor-widget elementor-widget-shortcode\" data-id=\"210766c\" data-element_type=\"widget\" data-e-type=\"widget\" data-settings=\"{&quot;ekit_we_effect_on&quot;:&quot;none&quot;}\" data-widget_type=\"shortcode.default\">\n\t\t\t\t<div class=\"elementor-widget-container\">\n\t\t\t\t\t\t\t<div class=\"elementor-shortcode\">\n<!-- Custom Twitter Feeds by Smash Balloon -->\n<div id=\"ctf\" class=\"ctf ctf-type-usertimeline ctf-rebranded ctf-feed-1  ctf-styles ctf-list ctf-regular-style ctf_palette_light\"   data-ctfshortcode=\"{&quot;feed&quot;:&quot;1&quot;}\"   data-ctfdisablelinks=\"false\" data-ctflinktextcolor=\"#\" data-header-size=\"small\" data-feedid=\"1\" data-postid=\"1777\"  data-feed=\"1\" data-ctf-flags=\"gdpr\" data-ctfintents=\"1\"  data-ctfneeded=\"-18\">\n    \n<div class=\"ctf-header  ctf-no-bio\" >\n    <a href=\"https:\/\/twitter.com\/movinonconnect\/\" target=\"_blank\" rel=\"noopener noreferrer\" title=\"@movinonconnect\" class=\"ctf-header-link\">\n        <div class=\"ctf-header-text\">\n            <p class=\"ctf-header-user\">\n                <span class=\"ctf-header-name\">Association<\/span>\n                <span class=\"ctf-verified\"><svg class=\"svg-inline--fa fa-check-circle fa-w-16\" aria-hidden=\"true\" aria-label=\"verified\" data-fa-processed=\"\" data-prefix=\"fa\" data-icon=\"check-circle\" role=\"img\" xmlns=\"http:\/\/www.w3.org\/2000\/svg\" viewbox=\"0 0 512 512\"><path fill=\"currentColor\" d=\"M504 256c0 136.967-111.033 248-248 248S8 392.967 8 256 119.033 8 256 8s248 111.033 248 248zM227.314 387.314l184-184c6.248-6.248 6.248-16.379 0-22.627l-22.627-22.627c-6.248-6.249-16.379-6.249-22.628 0L216 308.118l-70.059-70.059c-6.248-6.248-16.379-6.248-22.628 0l-22.627 22.627c-6.248 6.248-6.248 16.379 0 22.627l104 104c6.249 6.249 16.379 6.249 22.628.001z\"><\/path><\/svg><\/span>\n                <span class=\"ctf-header-follow\">\n                    <svg width=\"30\" height=\"30\" viewbox=\"0 0 30 30\" fill=\"none\" xmlns=\"http:\/\/www.w3.org\/2000\/svg\"><path d=\"M21.1161 6.27344H24.2289L17.4284 14.0459L25.4286 24.6225H19.1645L14.2583 18.2079L8.6444 24.6225H5.52976L12.8035 16.309L5.12891 6.27344H11.552L15.9868 12.1367L21.1161 6.27344ZM20.0236 22.7594H21.7484L10.6148 8.03871H8.7639L20.0236 22.7594Z\" fill=\"black\"\/>\n\t\t\t<\/svg> Follow                <\/span>\n            <\/p>\n\n\t\t\t                <p class=\"ctf-header-bio\"  >\n\t\t\t\t\tMovin'On is a not-for-profit international ecosystem, led by companies and animated by experts. It federates 300+ major players in sustainable mobility.                <\/p>\n\t\t\t        <\/div>\n\n        <div class=\"ctf-header-img\">\n            <div class=\"ctf-header-img-hover\">\n                <svg width=\"30\" height=\"30\" viewbox=\"0 0 30 30\" fill=\"none\" xmlns=\"http:\/\/www.w3.org\/2000\/svg\"><path d=\"M21.1161 6.27344H24.2289L17.4284 14.0459L25.4286 24.6225H19.1645L14.2583 18.2079L8.6444 24.6225H5.52976L12.8035 16.309L5.12891 6.27344H11.552L15.9868 12.1367L21.1161 6.27344ZM20.0236 22.7594H21.7484L10.6148 8.03871H8.7639L20.0236 22.7594Z\" fill=\"black\"\/>\n\t\t\t<\/svg>            <\/div>\n\t\t\t                <span data-avatar=\"https:\/\/pbs.twimg.com\/profile_images\/1709213113017348096\/tbWHgBuw_normal.jpg\" data-alt=\"movinonconnect\" style=\"display: none;\">Avatar<\/span>\n\t\t\t        <\/div>\n    <\/a>\n<\/div>\n    <div class=\"ctf-tweets\">\n   \t\t\n<div  class=\"ctf-item ctf-author-movinonconnect ctf-new ctf-hide-avatar\"  id=\"1929589696289820718\" >\n\n\t\n\t<div class=\"ctf-author-box\">\n\t\t<div class=\"ctf-author-box-link\">\n\t        \t\t\t\t\n\t\t\t\t\t        \n\t\t\t\t\t\t\t<div class=\"ctf-tweet-meta\" >\n\t\t\t\t\t<a href=\"https:\/\/twitter.com\/movinonconnect\/status\/1929589696289820718\" class=\"ctf-tweet-date\" target=\"_blank\" rel=\"noopener noreferrer\" >2 Jun<\/a>\n\t\t\t\t<\/div>\n\t\t\t\t\t<\/div>\n\t    \t\t\t<div class=\"ctf-corner-logo\" >\n\t\t\t\t<svg width=\"30\" height=\"30\" viewbox=\"0 0 30 30\" fill=\"none\" xmlns=\"http:\/\/www.w3.org\/2000\/svg\"><path d=\"M21.1161 6.27344H24.2289L17.4284 14.0459L25.4286 24.6225H19.1645L14.2583 18.2079L8.6444 24.6225H5.52976L12.8035 16.309L5.12891 6.27344H11.552L15.9868 12.1367L21.1161 6.27344ZM20.0236 22.7594H21.7484L10.6148 8.03871H8.7639L20.0236 22.7594Z\" fill=\"black\"\/>\n\t\t\t<\/svg>\t\t\t<\/div>\n\t\t\n\t<\/div>\n\t<div class=\"ctf-tweet-content\">\n\t\t                <p class=\"ctf-tweet-text\">\n                    \ud83d\udcac \u00c0 pr\u00e9sent, Florent Menegaux, Pr\u00e9sident du groupe Michelin et Pr\u00e9sident de Movin\u2019On est aux c\u00f4t\u00e9s de Bertrand Piccard, Pr\u00e9sident de la Fondation Solar Impulse. Ensemble, ils lancent \u00e0 toutes les parties prenantes un v\u00e9ritable appel \u00e0 agir collectivement autour de quatre leviers                     <\/p><a href=\"https:\/\/twitter.com\/movinonconnect\/status\/1929589696289820718\" target=\"_blank\" rel=\"noopener noreferrer\" class=\"ctf-tweet-text-media-wrap ctf-multi-media-icon\">2<svg aria-hidden=\"true\" aria-label=\"images in tweet\" focusable=\"false\" data-prefix=\"far\" data-icon=\"image\" role=\"img\" xmlns=\"http:\/\/www.w3.org\/2000\/svg\" viewbox=\"0 0 512 512\" class=\"svg-inline--fa fa-image fa-w-16 fa-9x ctf-tweet-text-media\"><path fill=\"currentColor\" d=\"M464 64H48C21.49 64 0 85.49 0 112v288c0 26.51 21.49 48 48 48h416c26.51 0 48-21.49 48-48V112c0-26.51-21.49-48-48-48zm-6 336H54a6 6 0 0 1-6-6V118a6 6 0 0 1 6-6h404a6 6 0 0 1 6 6v276a6 6 0 0 1-6 6zM128 152c-22.091 0-40 17.909-40 40s17.909 40 40 40 40-17.909 40-40-17.909-40-40-40zM96 352h320v-80l-87.515-87.515c-4.686-4.686-12.284-4.686-16.971 0L192 304l-39.515-39.515c-4.686-4.686-12.284-4.686-16.971 0L96 304v48z\" class=\"\"><\/path><\/svg><\/a>                <\/p>\n                        \t<\/div>\n\n\t\t\n\t<div class=\"ctf-tweet-actions\" >\n\t\t\n\t\t<a href=\"https:\/\/twitter.com\/intent\/tweet?in_reply_to=1929589696289820718&#038;related=movinonconnect\" class=\"ctf-reply\" target=\"_blank\" rel=\"noopener noreferrer\">\n\t\t\t<svg class=\"svg-inline--fa fa-w-16\" viewbox=\"0 0 24 24\" aria-label=\"reply\" role=\"img\" xmlns=\"http:\/\/www.w3.org\/2000\/svg\"><g><path fill=\"currentColor\" d=\"M14.046 2.242l-4.148-.01h-.002c-4.374 0-7.8 3.427-7.8 7.802 0 4.098 3.186 7.206 7.465 7.37v3.828c0 .108.044.286.12.403.142.225.384.347.632.347.138 0 .277-.038.402-.118.264-.168 6.473-4.14 8.088-5.506 1.902-1.61 3.04-3.97 3.043-6.312v-.017c-.006-4.367-3.43-7.787-7.8-7.788zm3.787 12.972c-1.134.96-4.862 3.405-6.772 4.643V16.67c0-.414-.335-.75-.75-.75h-.396c-3.66 0-6.318-2.476-6.318-5.886 0-3.534 2.768-6.302 6.3-6.302l4.147.01h.002c3.532 0 6.3 2.766 6.302 6.296-.003 1.91-.942 3.844-2.514 5.176z\"><\/path><\/g><\/svg>\t\t\t<span class=\"ctf-screenreader\">Reply on Twitter 1929589696289820718<\/span>\n\t\t<\/a>\n\n\t\t<a href=\"https:\/\/twitter.com\/intent\/retweet?tweet_id=1929589696289820718&#038;related=movinonconnect\" class=\"ctf-retweet\" target=\"_blank\" rel=\"noopener noreferrer\"><svg class=\"svg-inline--fa fa-w-16\" viewbox=\"0 0 24 24\" aria-hidden=\"true\" aria-label=\"retweet\" role=\"img\"><path fill=\"currentColor\" d=\"M23.77 15.67c-.292-.293-.767-.293-1.06 0l-2.22 2.22V7.65c0-2.068-1.683-3.75-3.75-3.75h-5.85c-.414 0-.75.336-.75.75s.336.75.75.75h5.85c1.24 0 2.25 1.01 2.25 2.25v10.24l-2.22-2.22c-.293-.293-.768-.293-1.06 0s-.294.768 0 1.06l3.5 3.5c.145.147.337.22.53.22s.383-.072.53-.22l3.5-3.5c.294-.292.294-.767 0-1.06zm-10.66 3.28H7.26c-1.24 0-2.25-1.01-2.25-2.25V6.46l2.22 2.22c.148.147.34.22.532.22s.384-.073.53-.22c.293-.293.293-.768 0-1.06l-3.5-3.5c-.293-.294-.768-.294-1.06 0l-3.5 3.5c-.294.292-.294.767 0 1.06s.767.293 1.06 0l2.22-2.22V16.7c0 2.068 1.683 3.75 3.75 3.75h5.85c.414 0 .75-.336.75-.75s-.337-.75-.75-.75z\"><\/path><\/svg>\t\t\t<span class=\"ctf-screenreader\">Retweet on Twitter 1929589696289820718<\/span>\n\t\t\t<span class=\"ctf-action-count ctf-retweet-count\"><\/span>\n\t\t<\/a>\n\n\t\t<a href=\"https:\/\/twitter.com\/intent\/like?tweet_id=1929589696289820718&#038;related=movinonconnect\" class=\"ctf-like\" target=\"_blank\" rel=\"nofollow noopener noreferrer\">\n\t\t\t<svg class=\"svg-inline--fa fa-w-16\" viewbox=\"0 0 24 24\" aria-hidden=\"true\" aria-label=\"like\" role=\"img\" xmlns=\"http:\/\/www.w3.org\/2000\/svg\"><g><path fill=\"currentColor\" d=\"M12 21.638h-.014C9.403 21.59 1.95 14.856 1.95 8.478c0-3.064 2.525-5.754 5.403-5.754 2.29 0 3.83 1.58 4.646 2.73.814-1.148 2.354-2.73 4.645-2.73 2.88 0 5.404 2.69 5.404 5.755 0 6.376-7.454 13.11-10.037 13.157H12zM7.354 4.225c-2.08 0-3.903 1.988-3.903 4.255 0 5.74 7.034 11.596 8.55 11.658 1.518-.062 8.55-5.917 8.55-11.658 0-2.267-1.823-4.255-3.903-4.255-2.528 0-3.94 2.936-3.952 2.965-.23.562-1.156.562-1.387 0-.014-.03-1.425-2.965-3.954-2.965z\"><\/path><\/g><\/svg>\t\t\t<span class=\"ctf-screenreader\">Like on Twitter 1929589696289820718<\/span>\n\t\t\t<span class=\"ctf-action-count ctf-favorite-count\"><\/span>\n\t\t<\/a>\n\t\t\n\t\t\t\t\t<a href=\"https:\/\/twitter.com\/movinonconnect\/status\/1929589696289820718\" class=\"ctf-twitterlink\" target=\"_blank\" rel=\"nofollow noopener noreferrer\" >\n\t\t\t\t<span >Twitter<\/span>\n\t\t\t\t<span class=\"ctf-screenreader\">1929589696289820718<\/span>\n\t\t\t<\/a>\n\t\t\t<\/div>\n<\/div>\n<div  class=\"ctf-item ctf-author-movinonconnect ctf-new ctf-hide-avatar\"  id=\"1929585785767866477\" >\n\n\t\n\t<div class=\"ctf-author-box\">\n\t\t<div class=\"ctf-author-box-link\">\n\t        \t\t\t\t\n\t\t\t\t\t        \n\t\t\t\t\t\t\t<div class=\"ctf-tweet-meta\" >\n\t\t\t\t\t<a href=\"https:\/\/twitter.com\/movinonconnect\/status\/1929585785767866477\" class=\"ctf-tweet-date\" target=\"_blank\" rel=\"noopener noreferrer\" >2 Jun<\/a>\n\t\t\t\t<\/div>\n\t\t\t\t\t<\/div>\n\t    \t\t\t<div class=\"ctf-corner-logo\" >\n\t\t\t\t<svg width=\"30\" height=\"30\" viewbox=\"0 0 30 30\" fill=\"none\" xmlns=\"http:\/\/www.w3.org\/2000\/svg\"><path d=\"M21.1161 6.27344H24.2289L17.4284 14.0459L25.4286 24.6225H19.1645L14.2583 18.2079L8.6444 24.6225H5.52976L12.8035 16.309L5.12891 6.27344H11.552L15.9868 12.1367L21.1161 6.27344ZM20.0236 22.7594H21.7484L10.6148 8.03871H8.7639L20.0236 22.7594Z\" fill=\"black\"\/>\n\t\t\t<\/svg>\t\t\t<\/div>\n\t\t\n\t<\/div>\n\t<div class=\"ctf-tweet-content\">\n\t\t                <p class=\"ctf-tweet-text\">\n                    \ud83c\udfa4 Ga\u00ebl Qu\u00e9innec, Directeur G\u00e9n\u00e9ral de Movin\u2019On, lance officiellement Movin\u2019On Impulse Day, en partenariat avec Solar Impuylse Fondation et la Soci\u00e9t\u00e9 d\u2019Encouragement pour l\u2019Industrie Nationale pour acc\u00e9l\u00e9rer les synergies public-priv\u00e9 pour associer mobilit\u00e9 durable et                     <\/p><a href=\"https:\/\/twitter.com\/movinonconnect\/status\/1929585785767866477\" target=\"_blank\" rel=\"noopener noreferrer\" class=\"ctf-tweet-text-media-wrap\"><svg aria-hidden=\"true\" aria-label=\"images in tweet\" focusable=\"false\" data-prefix=\"far\" data-icon=\"image\" role=\"img\" xmlns=\"http:\/\/www.w3.org\/2000\/svg\" viewbox=\"0 0 512 512\" class=\"svg-inline--fa fa-image fa-w-16 fa-9x ctf-tweet-text-media\"><path fill=\"currentColor\" d=\"M464 64H48C21.49 64 0 85.49 0 112v288c0 26.51 21.49 48 48 48h416c26.51 0 48-21.49 48-48V112c0-26.51-21.49-48-48-48zm-6 336H54a6 6 0 0 1-6-6V118a6 6 0 0 1 6-6h404a6 6 0 0 1 6 6v276a6 6 0 0 1-6 6zM128 152c-22.091 0-40 17.909-40 40s17.909 40 40 40 40-17.909 40-40-17.909-40-40-40zM96 352h320v-80l-87.515-87.515c-4.686-4.686-12.284-4.686-16.971 0L192 304l-39.515-39.515c-4.686-4.686-12.284-4.686-16.971 0L96 304v48z\" class=\"\"><\/path><\/svg><\/a>                <\/p>\n                        \t<\/div>\n\n\t\t\n\t<div class=\"ctf-tweet-actions\" >\n\t\t\n\t\t<a href=\"https:\/\/twitter.com\/intent\/tweet?in_reply_to=1929585785767866477&#038;related=movinonconnect\" class=\"ctf-reply\" target=\"_blank\" rel=\"noopener noreferrer\">\n\t\t\t<svg class=\"svg-inline--fa fa-w-16\" viewbox=\"0 0 24 24\" aria-label=\"reply\" role=\"img\" xmlns=\"http:\/\/www.w3.org\/2000\/svg\"><g><path fill=\"currentColor\" d=\"M14.046 2.242l-4.148-.01h-.002c-4.374 0-7.8 3.427-7.8 7.802 0 4.098 3.186 7.206 7.465 7.37v3.828c0 .108.044.286.12.403.142.225.384.347.632.347.138 0 .277-.038.402-.118.264-.168 6.473-4.14 8.088-5.506 1.902-1.61 3.04-3.97 3.043-6.312v-.017c-.006-4.367-3.43-7.787-7.8-7.788zm3.787 12.972c-1.134.96-4.862 3.405-6.772 4.643V16.67c0-.414-.335-.75-.75-.75h-.396c-3.66 0-6.318-2.476-6.318-5.886 0-3.534 2.768-6.302 6.3-6.302l4.147.01h.002c3.532 0 6.3 2.766 6.302 6.296-.003 1.91-.942 3.844-2.514 5.176z\"><\/path><\/g><\/svg>\t\t\t<span class=\"ctf-screenreader\">Reply on Twitter 1929585785767866477<\/span>\n\t\t<\/a>\n\n\t\t<a href=\"https:\/\/twitter.com\/intent\/retweet?tweet_id=1929585785767866477&#038;related=movinonconnect\" class=\"ctf-retweet\" target=\"_blank\" rel=\"noopener noreferrer\"><svg class=\"svg-inline--fa fa-w-16\" viewbox=\"0 0 24 24\" aria-hidden=\"true\" aria-label=\"retweet\" role=\"img\"><path fill=\"currentColor\" d=\"M23.77 15.67c-.292-.293-.767-.293-1.06 0l-2.22 2.22V7.65c0-2.068-1.683-3.75-3.75-3.75h-5.85c-.414 0-.75.336-.75.75s.336.75.75.75h5.85c1.24 0 2.25 1.01 2.25 2.25v10.24l-2.22-2.22c-.293-.293-.768-.293-1.06 0s-.294.768 0 1.06l3.5 3.5c.145.147.337.22.53.22s.383-.072.53-.22l3.5-3.5c.294-.292.294-.767 0-1.06zm-10.66 3.28H7.26c-1.24 0-2.25-1.01-2.25-2.25V6.46l2.22 2.22c.148.147.34.22.532.22s.384-.073.53-.22c.293-.293.293-.768 0-1.06l-3.5-3.5c-.293-.294-.768-.294-1.06 0l-3.5 3.5c-.294.292-.294.767 0 1.06s.767.293 1.06 0l2.22-2.22V16.7c0 2.068 1.683 3.75 3.75 3.75h5.85c.414 0 .75-.336.75-.75s-.337-.75-.75-.75z\"><\/path><\/svg>\t\t\t<span class=\"ctf-screenreader\">Retweet on Twitter 1929585785767866477<\/span>\n\t\t\t<span class=\"ctf-action-count ctf-retweet-count\"><\/span>\n\t\t<\/a>\n\n\t\t<a href=\"https:\/\/twitter.com\/intent\/like?tweet_id=1929585785767866477&#038;related=movinonconnect\" class=\"ctf-like\" target=\"_blank\" rel=\"nofollow noopener noreferrer\">\n\t\t\t<svg class=\"svg-inline--fa fa-w-16\" viewbox=\"0 0 24 24\" aria-hidden=\"true\" aria-label=\"like\" role=\"img\" xmlns=\"http:\/\/www.w3.org\/2000\/svg\"><g><path fill=\"currentColor\" d=\"M12 21.638h-.014C9.403 21.59 1.95 14.856 1.95 8.478c0-3.064 2.525-5.754 5.403-5.754 2.29 0 3.83 1.58 4.646 2.73.814-1.148 2.354-2.73 4.645-2.73 2.88 0 5.404 2.69 5.404 5.755 0 6.376-7.454 13.11-10.037 13.157H12zM7.354 4.225c-2.08 0-3.903 1.988-3.903 4.255 0 5.74 7.034 11.596 8.55 11.658 1.518-.062 8.55-5.917 8.55-11.658 0-2.267-1.823-4.255-3.903-4.255-2.528 0-3.94 2.936-3.952 2.965-.23.562-1.156.562-1.387 0-.014-.03-1.425-2.965-3.954-2.965z\"><\/path><\/g><\/svg>\t\t\t<span class=\"ctf-screenreader\">Like on Twitter 1929585785767866477<\/span>\n\t\t\t<span class=\"ctf-action-count ctf-favorite-count\"><\/span>\n\t\t<\/a>\n\t\t\n\t\t\t\t\t<a href=\"https:\/\/twitter.com\/movinonconnect\/status\/1929585785767866477\" class=\"ctf-twitterlink\" target=\"_blank\" rel=\"nofollow noopener noreferrer\" >\n\t\t\t\t<span >Twitter<\/span>\n\t\t\t\t<span class=\"ctf-screenreader\">1929585785767866477<\/span>\n\t\t\t<\/a>\n\t\t\t<\/div>\n<\/div>\n<div  class=\"ctf-item ctf-author-movinonconnect ctf-new ctf-hide-avatar\"  id=\"1929584902967628025\" >\n\n\t\n\t<div class=\"ctf-author-box\">\n\t\t<div class=\"ctf-author-box-link\">\n\t        \t\t\t\t\n\t\t\t\t\t        \n\t\t\t\t\t\t\t<div class=\"ctf-tweet-meta\" >\n\t\t\t\t\t<a href=\"https:\/\/twitter.com\/movinonconnect\/status\/1929584902967628025\" class=\"ctf-tweet-date\" target=\"_blank\" rel=\"noopener noreferrer\" >2 Jun<\/a>\n\t\t\t\t<\/div>\n\t\t\t\t\t<\/div>\n\t    \t\t\t<div class=\"ctf-corner-logo\" >\n\t\t\t\t<svg width=\"30\" height=\"30\" viewbox=\"0 0 30 30\" fill=\"none\" xmlns=\"http:\/\/www.w3.org\/2000\/svg\"><path d=\"M21.1161 6.27344H24.2289L17.4284 14.0459L25.4286 24.6225H19.1645L14.2583 18.2079L8.6444 24.6225H5.52976L12.8035 16.309L5.12891 6.27344H11.552L15.9868 12.1367L21.1161 6.27344ZM20.0236 22.7594H21.7484L10.6148 8.03871H8.7639L20.0236 22.7594Z\" fill=\"black\"\/>\n\t\t\t<\/svg>\t\t\t<\/div>\n\t\t\n\t<\/div>\n\t<div class=\"ctf-tweet-content\">\n\t\t                <p class=\"ctf-tweet-text\">\n                    \ud83d\udd34 Bonsoir \u00e0 tous. Nous sommes LIVE depuis Movin\u2019On Impulse Day \u00e0 l\u2019H\u00f4tel de l\u2019Industrie \u00e0 Paris. Ce soir trois coalitions d\u2019entreprises unissent leurs forces pour d\u00e9ployer des mobilit\u00e9s durables, d\u00e9sirables et ancr\u00e9es dans les besoins des territoires et des citoyens.<br \/>\n\u2022 Movin\u2019On                     <\/p><a href=\"https:\/\/twitter.com\/movinonconnect\/status\/1929584902967628025\" target=\"_blank\" rel=\"noopener noreferrer\" class=\"ctf-tweet-text-media-wrap ctf-multi-media-icon\">4<svg aria-hidden=\"true\" aria-label=\"images in tweet\" focusable=\"false\" data-prefix=\"far\" data-icon=\"image\" role=\"img\" xmlns=\"http:\/\/www.w3.org\/2000\/svg\" viewbox=\"0 0 512 512\" class=\"svg-inline--fa fa-image fa-w-16 fa-9x ctf-tweet-text-media\"><path fill=\"currentColor\" d=\"M464 64H48C21.49 64 0 85.49 0 112v288c0 26.51 21.49 48 48 48h416c26.51 0 48-21.49 48-48V112c0-26.51-21.49-48-48-48zm-6 336H54a6 6 0 0 1-6-6V118a6 6 0 0 1 6-6h404a6 6 0 0 1 6 6v276a6 6 0 0 1-6 6zM128 152c-22.091 0-40 17.909-40 40s17.909 40 40 40 40-17.909 40-40-17.909-40-40-40zM96 352h320v-80l-87.515-87.515c-4.686-4.686-12.284-4.686-16.971 0L192 304l-39.515-39.515c-4.686-4.686-12.284-4.686-16.971 0L96 304v48z\" class=\"\"><\/path><\/svg><\/a>                <\/p>\n                        \t<\/div>\n\n\t\t\n\t<div class=\"ctf-tweet-actions\" >\n\t\t\n\t\t<a href=\"https:\/\/twitter.com\/intent\/tweet?in_reply_to=1929584902967628025&#038;related=movinonconnect\" class=\"ctf-reply\" target=\"_blank\" rel=\"noopener noreferrer\">\n\t\t\t<svg class=\"svg-inline--fa fa-w-16\" viewbox=\"0 0 24 24\" aria-label=\"reply\" role=\"img\" xmlns=\"http:\/\/www.w3.org\/2000\/svg\"><g><path fill=\"currentColor\" d=\"M14.046 2.242l-4.148-.01h-.002c-4.374 0-7.8 3.427-7.8 7.802 0 4.098 3.186 7.206 7.465 7.37v3.828c0 .108.044.286.12.403.142.225.384.347.632.347.138 0 .277-.038.402-.118.264-.168 6.473-4.14 8.088-5.506 1.902-1.61 3.04-3.97 3.043-6.312v-.017c-.006-4.367-3.43-7.787-7.8-7.788zm3.787 12.972c-1.134.96-4.862 3.405-6.772 4.643V16.67c0-.414-.335-.75-.75-.75h-.396c-3.66 0-6.318-2.476-6.318-5.886 0-3.534 2.768-6.302 6.3-6.302l4.147.01h.002c3.532 0 6.3 2.766 6.302 6.296-.003 1.91-.942 3.844-2.514 5.176z\"><\/path><\/g><\/svg>\t\t\t<span class=\"ctf-screenreader\">Reply on Twitter 1929584902967628025<\/span>\n\t\t<\/a>\n\n\t\t<a href=\"https:\/\/twitter.com\/intent\/retweet?tweet_id=1929584902967628025&#038;related=movinonconnect\" class=\"ctf-retweet\" target=\"_blank\" rel=\"noopener noreferrer\"><svg class=\"svg-inline--fa fa-w-16\" viewbox=\"0 0 24 24\" aria-hidden=\"true\" aria-label=\"retweet\" role=\"img\"><path fill=\"currentColor\" d=\"M23.77 15.67c-.292-.293-.767-.293-1.06 0l-2.22 2.22V7.65c0-2.068-1.683-3.75-3.75-3.75h-5.85c-.414 0-.75.336-.75.75s.336.75.75.75h5.85c1.24 0 2.25 1.01 2.25 2.25v10.24l-2.22-2.22c-.293-.293-.768-.293-1.06 0s-.294.768 0 1.06l3.5 3.5c.145.147.337.22.53.22s.383-.072.53-.22l3.5-3.5c.294-.292.294-.767 0-1.06zm-10.66 3.28H7.26c-1.24 0-2.25-1.01-2.25-2.25V6.46l2.22 2.22c.148.147.34.22.532.22s.384-.073.53-.22c.293-.293.293-.768 0-1.06l-3.5-3.5c-.293-.294-.768-.294-1.06 0l-3.5 3.5c-.294.292-.294.767 0 1.06s.767.293 1.06 0l2.22-2.22V16.7c0 2.068 1.683 3.75 3.75 3.75h5.85c.414 0 .75-.336.75-.75s-.337-.75-.75-.75z\"><\/path><\/svg>\t\t\t<span class=\"ctf-screenreader\">Retweet on Twitter 1929584902967628025<\/span>\n\t\t\t<span class=\"ctf-action-count ctf-retweet-count\"><\/span>\n\t\t<\/a>\n\n\t\t<a href=\"https:\/\/twitter.com\/intent\/like?tweet_id=1929584902967628025&#038;related=movinonconnect\" class=\"ctf-like\" target=\"_blank\" rel=\"nofollow noopener noreferrer\">\n\t\t\t<svg class=\"svg-inline--fa fa-w-16\" viewbox=\"0 0 24 24\" aria-hidden=\"true\" aria-label=\"like\" role=\"img\" xmlns=\"http:\/\/www.w3.org\/2000\/svg\"><g><path fill=\"currentColor\" d=\"M12 21.638h-.014C9.403 21.59 1.95 14.856 1.95 8.478c0-3.064 2.525-5.754 5.403-5.754 2.29 0 3.83 1.58 4.646 2.73.814-1.148 2.354-2.73 4.645-2.73 2.88 0 5.404 2.69 5.404 5.755 0 6.376-7.454 13.11-10.037 13.157H12zM7.354 4.225c-2.08 0-3.903 1.988-3.903 4.255 0 5.74 7.034 11.596 8.55 11.658 1.518-.062 8.55-5.917 8.55-11.658 0-2.267-1.823-4.255-3.903-4.255-2.528 0-3.94 2.936-3.952 2.965-.23.562-1.156.562-1.387 0-.014-.03-1.425-2.965-3.954-2.965z\"><\/path><\/g><\/svg>\t\t\t<span class=\"ctf-screenreader\">Like on Twitter 1929584902967628025<\/span>\n\t\t\t<span class=\"ctf-action-count ctf-favorite-count\"><\/span>\n\t\t<\/a>\n\t\t\n\t\t\t\t\t<a href=\"https:\/\/twitter.com\/movinonconnect\/status\/1929584902967628025\" class=\"ctf-twitterlink\" target=\"_blank\" rel=\"nofollow noopener noreferrer\" >\n\t\t\t\t<span >Twitter<\/span>\n\t\t\t\t<span class=\"ctf-screenreader\">1929584902967628025<\/span>\n\t\t\t<\/a>\n\t\t\t<\/div>\n<\/div>\n<div  class=\"ctf-item ctf-author-movinonconnect ctf-new ctf-hide-avatar\"  id=\"1895096573891404189\" >\n\n\t\n\t<div class=\"ctf-author-box\">\n\t\t<div class=\"ctf-author-box-link\">\n\t        \t\t\t\t\n\t\t\t\t\t        \n\t\t\t\t\t\t\t<div class=\"ctf-tweet-meta\" >\n\t\t\t\t\t<a href=\"https:\/\/twitter.com\/movinonconnect\/status\/1895096573891404189\" class=\"ctf-tweet-date\" target=\"_blank\" rel=\"noopener noreferrer\" >27 Feb 2025<\/a>\n\t\t\t\t<\/div>\n\t\t\t\t\t<\/div>\n\t    \t\t\t<div class=\"ctf-corner-logo\" >\n\t\t\t\t<svg width=\"30\" height=\"30\" viewbox=\"0 0 30 30\" fill=\"none\" xmlns=\"http:\/\/www.w3.org\/2000\/svg\"><path d=\"M21.1161 6.27344H24.2289L17.4284 14.0459L25.4286 24.6225H19.1645L14.2583 18.2079L8.6444 24.6225H5.52976L12.8035 16.309L5.12891 6.27344H11.552L15.9868 12.1367L21.1161 6.27344ZM20.0236 22.7594H21.7484L10.6148 8.03871H8.7639L20.0236 22.7594Z\" fill=\"black\"\/>\n\t\t\t<\/svg>\t\t\t<\/div>\n\t\t\n\t<\/div>\n\t<div class=\"ctf-tweet-content\">\n\t\t                <p class=\"ctf-tweet-text\">\n                    Movin'On 2035 Today - EP05 - Financing the energy transition https:\/\/x.com\/i\/broadcasts\/1rmxPydLkmjKN                                    <\/p>\n                        \t<\/div>\n\n\t\t\n\t<div class=\"ctf-tweet-actions\" >\n\t\t\n\t\t<a href=\"https:\/\/twitter.com\/intent\/tweet?in_reply_to=1895096573891404189&#038;related=movinonconnect\" class=\"ctf-reply\" target=\"_blank\" rel=\"noopener noreferrer\">\n\t\t\t<svg class=\"svg-inline--fa fa-w-16\" viewbox=\"0 0 24 24\" aria-label=\"reply\" role=\"img\" xmlns=\"http:\/\/www.w3.org\/2000\/svg\"><g><path fill=\"currentColor\" d=\"M14.046 2.242l-4.148-.01h-.002c-4.374 0-7.8 3.427-7.8 7.802 0 4.098 3.186 7.206 7.465 7.37v3.828c0 .108.044.286.12.403.142.225.384.347.632.347.138 0 .277-.038.402-.118.264-.168 6.473-4.14 8.088-5.506 1.902-1.61 3.04-3.97 3.043-6.312v-.017c-.006-4.367-3.43-7.787-7.8-7.788zm3.787 12.972c-1.134.96-4.862 3.405-6.772 4.643V16.67c0-.414-.335-.75-.75-.75h-.396c-3.66 0-6.318-2.476-6.318-5.886 0-3.534 2.768-6.302 6.3-6.302l4.147.01h.002c3.532 0 6.3 2.766 6.302 6.296-.003 1.91-.942 3.844-2.514 5.176z\"><\/path><\/g><\/svg>\t\t\t<span class=\"ctf-screenreader\">Reply on Twitter 1895096573891404189<\/span>\n\t\t<\/a>\n\n\t\t<a href=\"https:\/\/twitter.com\/intent\/retweet?tweet_id=1895096573891404189&#038;related=movinonconnect\" class=\"ctf-retweet\" target=\"_blank\" rel=\"noopener noreferrer\"><svg class=\"svg-inline--fa fa-w-16\" viewbox=\"0 0 24 24\" aria-hidden=\"true\" aria-label=\"retweet\" role=\"img\"><path fill=\"currentColor\" d=\"M23.77 15.67c-.292-.293-.767-.293-1.06 0l-2.22 2.22V7.65c0-2.068-1.683-3.75-3.75-3.75h-5.85c-.414 0-.75.336-.75.75s.336.75.75.75h5.85c1.24 0 2.25 1.01 2.25 2.25v10.24l-2.22-2.22c-.293-.293-.768-.293-1.06 0s-.294.768 0 1.06l3.5 3.5c.145.147.337.22.53.22s.383-.072.53-.22l3.5-3.5c.294-.292.294-.767 0-1.06zm-10.66 3.28H7.26c-1.24 0-2.25-1.01-2.25-2.25V6.46l2.22 2.22c.148.147.34.22.532.22s.384-.073.53-.22c.293-.293.293-.768 0-1.06l-3.5-3.5c-.293-.294-.768-.294-1.06 0l-3.5 3.5c-.294.292-.294.767 0 1.06s.767.293 1.06 0l2.22-2.22V16.7c0 2.068 1.683 3.75 3.75 3.75h5.85c.414 0 .75-.336.75-.75s-.337-.75-.75-.75z\"><\/path><\/svg>\t\t\t<span class=\"ctf-screenreader\">Retweet on Twitter 1895096573891404189<\/span>\n\t\t\t<span class=\"ctf-action-count ctf-retweet-count\"><\/span>\n\t\t<\/a>\n\n\t\t<a href=\"https:\/\/twitter.com\/intent\/like?tweet_id=1895096573891404189&#038;related=movinonconnect\" class=\"ctf-like\" target=\"_blank\" rel=\"nofollow noopener noreferrer\">\n\t\t\t<svg class=\"svg-inline--fa fa-w-16\" viewbox=\"0 0 24 24\" aria-hidden=\"true\" aria-label=\"like\" role=\"img\" xmlns=\"http:\/\/www.w3.org\/2000\/svg\"><g><path fill=\"currentColor\" d=\"M12 21.638h-.014C9.403 21.59 1.95 14.856 1.95 8.478c0-3.064 2.525-5.754 5.403-5.754 2.29 0 3.83 1.58 4.646 2.73.814-1.148 2.354-2.73 4.645-2.73 2.88 0 5.404 2.69 5.404 5.755 0 6.376-7.454 13.11-10.037 13.157H12zM7.354 4.225c-2.08 0-3.903 1.988-3.903 4.255 0 5.74 7.034 11.596 8.55 11.658 1.518-.062 8.55-5.917 8.55-11.658 0-2.267-1.823-4.255-3.903-4.255-2.528 0-3.94 2.936-3.952 2.965-.23.562-1.156.562-1.387 0-.014-.03-1.425-2.965-3.954-2.965z\"><\/path><\/g><\/svg>\t\t\t<span class=\"ctf-screenreader\">Like on Twitter 1895096573891404189<\/span>\n\t\t\t<span class=\"ctf-action-count ctf-favorite-count\"><\/span>\n\t\t<\/a>\n\t\t\n\t\t\t\t\t<a href=\"https:\/\/twitter.com\/movinonconnect\/status\/1895096573891404189\" class=\"ctf-twitterlink\" target=\"_blank\" rel=\"nofollow noopener noreferrer\" >\n\t\t\t\t<span >Twitter<\/span>\n\t\t\t\t<span class=\"ctf-screenreader\">1895096573891404189<\/span>\n\t\t\t<\/a>\n\t\t\t<\/div>\n<\/div>    <\/div>\n    \n    <a href=\"javascript:void(0);\" id=\"ctf-more\" class=\"ctf-more\" ><span>Voir plus<\/span><\/a>\n\n\n<\/div>\n<\/div>\n\t\t\t\t\t\t<\/div>\n\t\t\t\t<\/div>\n\t\t\t\t\t<\/div>\n\t\t<\/div>\n\t\t\t\t\t<\/div>\n\t\t<\/section>\n\t\t\t\t\t<\/div>\n\t\t<\/div>\n\t\t\t\t\t<\/div>\n\t\t<\/section>\n\t\t\t\t<section class=\"elementor-section elementor-top-section elementor-element elementor-element-f0cb746 elementor-section-boxed elementor-section-height-default elementor-section-height-default\" data-id=\"f0cb746\" data-element_type=\"section\" data-e-type=\"section\">\n\t\t\t\t\t\t<div class=\"elementor-container elementor-column-gap-default\">\n\t\t\t\t\t<div class=\"elementor-column elementor-col-100 elementor-top-column elementor-element elementor-element-36e3af7\" data-id=\"36e3af7\" data-element_type=\"column\" data-e-type=\"column\">\n\t\t\t<div class=\"elementor-widget-wrap elementor-element-populated\">\n\t\t\t\t\t\t<section class=\"elementor-section elementor-inner-section elementor-element elementor-element-2ea2dbd elementor-section-boxed elementor-section-height-default elementor-section-height-default\" data-id=\"2ea2dbd\" data-element_type=\"section\" data-e-type=\"section\">\n\t\t\t\t\t\t<div class=\"elementor-container elementor-column-gap-default\">\n\t\t\t\t\t<div class=\"elementor-column elementor-col-50 elementor-inner-column elementor-element elementor-element-617936f\" data-id=\"617936f\" data-element_type=\"column\" data-e-type=\"column\">\n\t\t\t<div class=\"elementor-widget-wrap elementor-element-populated\">\n\t\t\t\t\t\t<div class=\"elementor-element elementor-element-44e4741 elementor-widget elementor-widget-heading\" data-id=\"44e4741\" data-element_type=\"widget\" data-e-type=\"widget\" data-settings=\"{&quot;ekit_we_effect_on&quot;:&quot;none&quot;}\" data-widget_type=\"heading.default\">\n\t\t\t\t<div class=\"elementor-widget-container\">\n\t\t\t\t\t<h2 class=\"elementor-heading-title elementor-size-default\">Sustainable mobility news<\/h2>\t\t\t\t<\/div>\n\t\t\t\t<\/div>\n\t\t\t\t<div class=\"elementor-element elementor-element-5683a0e elementor-widget elementor-widget-text-editor\" data-id=\"5683a0e\" data-element_type=\"widget\" data-e-type=\"widget\" data-settings=\"{&quot;ekit_we_effect_on&quot;:&quot;none&quot;}\" data-widget_type=\"text-editor.default\">\n\t\t\t\t<div class=\"elementor-widget-container\">\n\t\t\t\t\t\t\t\t\t<p>Discover the latest trends, analyses per theme, and our next meetings.<\/p>\t\t\t\t\t\t\t\t<\/div>\n\t\t\t\t<\/div>\n\t\t\t\t\t<\/div>\n\t\t<\/div>\n\t\t\t\t<div class=\"elementor-column elementor-col-50 elementor-inner-column elementor-element elementor-element-3810125\" data-id=\"3810125\" data-element_type=\"column\" data-e-type=\"column\">\n\t\t\t<div class=\"elementor-widget-wrap elementor-element-populated\">\n\t\t\t\t\t\t<div class=\"elementor-element elementor-element-bc6705a elementor-align-right elementor-widget elementor-widget-button\" data-id=\"bc6705a\" data-element_type=\"widget\" data-e-type=\"widget\" data-settings=\"{&quot;ekit_we_effect_on&quot;:&quot;none&quot;}\" data-widget_type=\"button.default\">\n\t\t\t\t<div class=\"elementor-widget-container\">\n\t\t\t\t\t\t\t\t\t<div class=\"elementor-button-wrapper\">\n\t\t\t\t\t<a class=\"elementor-button elementor-button-link elementor-size-sm elementor-animation-shrink\" href=\"https:\/\/www.movinon.eu\/en\/actualites\/\">\n\t\t\t\t\t\t<span class=\"elementor-button-content-wrapper\">\n\t\t\t\t\t\t\t\t\t<span class=\"elementor-button-text\">See all<\/span>\n\t\t\t\t\t<\/span>\n\t\t\t\t\t<\/a>\n\t\t\t\t<\/div>\n\t\t\t\t\t\t\t\t<\/div>\n\t\t\t\t<\/div>\n\t\t\t\t\t<\/div>\n\t\t<\/div>\n\t\t\t\t\t<\/div>\n\t\t<\/section>\n\t\t\t\t<div class=\"elementor-element elementor-element-7349c3e elementor-arrows-position-outside elementor-widget elementor-widget-loop-carousel\" data-id=\"7349c3e\" data-element_type=\"widget\" data-e-type=\"widget\" data-settings=\"{&quot;template_id&quot;:287,&quot;image_spacing_custom&quot;:{&quot;unit&quot;:&quot;px&quot;,&quot;size&quot;:0,&quot;sizes&quot;:[]},&quot;_skin&quot;:&quot;post&quot;,&quot;slides_to_show&quot;:&quot;3&quot;,&quot;slides_to_show_tablet&quot;:&quot;2&quot;,&quot;slides_to_show_mobile&quot;:&quot;1&quot;,&quot;slides_to_scroll&quot;:&quot;1&quot;,&quot;edit_handle_selector&quot;:&quot;.elementor-loop-container&quot;,&quot;autoplay&quot;:&quot;yes&quot;,&quot;autoplay_speed&quot;:5000,&quot;pause_on_hover&quot;:&quot;yes&quot;,&quot;pause_on_interaction&quot;:&quot;yes&quot;,&quot;infinite&quot;:&quot;yes&quot;,&quot;speed&quot;:500,&quot;offset_sides&quot;:&quot;none&quot;,&quot;arrows&quot;:&quot;yes&quot;,&quot;image_spacing_custom_tablet&quot;:{&quot;unit&quot;:&quot;px&quot;,&quot;size&quot;:&quot;&quot;,&quot;sizes&quot;:[]},&quot;image_spacing_custom_mobile&quot;:{&quot;unit&quot;:&quot;px&quot;,&quot;size&quot;:&quot;&quot;,&quot;sizes&quot;:[]},&quot;ekit_we_effect_on&quot;:&quot;none&quot;}\" data-widget_type=\"loop-carousel.post\">\n\t\t\t\t<div class=\"elementor-widget-container\">\n\t\t\t\t\t\t\t<div class=\"swiper elementor-loop-container elementor-grid\" role=\"list\" dir=\"ltr\">\n\t\t\t\t<div class=\"swiper-wrapper\" aria-live=\"off\">\n\t\t<style id=\"loop-287\">.elementor-287 .elementor-element.elementor-element-1c7f445{overflow:visible;}.elementor-287 .elementor-element.elementor-element-4e54b7c > .elementor-element-populated{border-style:none;box-shadow:0px 0px 6px 4px rgba(0, 0, 0, 0.12);margin:20px 20px 20px 20px;--e-column-margin-right:20px;--e-column-margin-left:20px;padding:0px 0px 40px 0px;}.elementor-287 .elementor-element.elementor-element-4e54b7c > .elementor-element-populated, .elementor-287 .elementor-element.elementor-element-4e54b7c > .elementor-element-populated > .elementor-background-overlay, .elementor-287 .elementor-element.elementor-element-4e54b7c > .elementor-background-slideshow{border-radius:10px 10px 10px 10px;}.elementor-widget-theme-post-featured-image .widget-image-caption{color:var( --e-global-color-text );font-family:var( --e-global-typography-text-font-family ), Sans-serif;font-size:var( --e-global-typography-text-font-size );font-weight:var( --e-global-typography-text-font-weight );}.elementor-287 .elementor-element.elementor-element-bcd52ae img{height:240px;object-fit:cover;object-position:center center;border-radius:10px 10px 0px 0px;}.elementor-widget-text-editor{font-family:var( --e-global-typography-text-font-family ), Sans-serif;font-size:var( --e-global-typography-text-font-size );font-weight:var( --e-global-typography-text-font-weight );color:var( --e-global-color-text );}.elementor-widget-text-editor.elementor-drop-cap-view-stacked .elementor-drop-cap{background-color:var( --e-global-color-primary );}.elementor-widget-text-editor.elementor-drop-cap-view-framed .elementor-drop-cap, .elementor-widget-text-editor.elementor-drop-cap-view-default .elementor-drop-cap{color:var( --e-global-color-primary );border-color:var( --e-global-color-primary );}.elementor-287 .elementor-element.elementor-element-211b65a{font-family:\"museo-sans\", Sans-serif;font-size:10px;font-weight:500;text-shadow:0px 0px 10px rgba(0,0,0,0.3);color:var( --e-global-color-secondary );width:auto;max-width:auto;top:0px;z-index:3;}.elementor-287 .elementor-element.elementor-element-211b65a > .elementor-widget-container{margin:10px 0px 10px 0px;padding:5px 0px 5px 0px;}body:not(.rtl) .elementor-287 .elementor-element.elementor-element-211b65a{right:0px;}body.rtl .elementor-287 .elementor-element.elementor-element-211b65a{left:0px;}.elementor-widget-post-info .elementor-icon-list-item:not(:last-child):after{border-color:var( --e-global-color-text );}.elementor-widget-post-info .elementor-icon-list-icon i{color:var( --e-global-color-primary );}.elementor-widget-post-info .elementor-icon-list-icon svg{fill:var( --e-global-color-primary );}.elementor-widget-post-info .elementor-icon-list-text, .elementor-widget-post-info .elementor-icon-list-text a{color:var( --e-global-color-secondary );}.elementor-widget-post-info .elementor-icon-list-item{font-family:var( --e-global-typography-text-font-family ), Sans-serif;font-size:var( --e-global-typography-text-font-size );font-weight:var( --e-global-typography-text-font-weight );}.elementor-287 .elementor-element.elementor-element-4c30b3a .elementor-icon-list-icon{width:14px;}.elementor-287 .elementor-element.elementor-element-4c30b3a .elementor-icon-list-icon i{font-size:14px;}.elementor-287 .elementor-element.elementor-element-4c30b3a .elementor-icon-list-icon svg{--e-icon-list-icon-size:14px;}.elementor-287 .elementor-element.elementor-element-4c30b3a .elementor-icon-list-text, .elementor-287 .elementor-element.elementor-element-4c30b3a .elementor-icon-list-text a{color:var( --e-global-color-b0dc7b7 );}.elementor-287 .elementor-element.elementor-element-4c30b3a .elementor-icon-list-item{font-family:\"museo-sans\", Sans-serif;font-size:10px;font-weight:500;}.elementor-287 .elementor-element.elementor-element-4c30b3a > .elementor-widget-container{margin:0px 0px -10px 0px;padding:0px 20px 0px 20px;}.elementor-widget-heading .elementor-heading-title{font-family:var( --e-global-typography-primary-font-family ), Sans-serif;font-size:var( --e-global-typography-primary-font-size );font-weight:var( --e-global-typography-primary-font-weight );color:var( --e-global-color-primary );}.elementor-287 .elementor-element.elementor-element-a5d3e59 .elementor-heading-title{font-family:\"museo-sans\", Sans-serif;font-size:16px;font-weight:600;line-height:20px;}.elementor-287 .elementor-element.elementor-element-a5d3e59 > .elementor-widget-container{margin:0px 0px 0px 0px;padding:0px 20px 0px 20px;}.elementor-widget-theme-post-excerpt .elementor-widget-container{font-family:var( --e-global-typography-text-font-family ), Sans-serif;font-size:var( --e-global-typography-text-font-size );font-weight:var( --e-global-typography-text-font-weight );color:var( --e-global-color-text );}.elementor-287 .elementor-element.elementor-element-17abd3f .elementor-widget-container{font-family:\"museo-sans\", Sans-serif;font-size:14px;font-weight:500;color:#050A17;}.elementor-287 .elementor-element.elementor-element-17abd3f > .elementor-widget-container{margin:-15px 0px 0px 0px;padding:0px 20px 0px 20px;}.elementor-287 .elementor-element.elementor-element-b2a7740 .elementor-icon-list-icon{width:14px;}.elementor-287 .elementor-element.elementor-element-b2a7740 .elementor-icon-list-icon i{font-size:14px;}.elementor-287 .elementor-element.elementor-element-b2a7740 .elementor-icon-list-icon svg{--e-icon-list-icon-size:14px;}.elementor-287 .elementor-element.elementor-element-b2a7740 .elementor-icon-list-text, .elementor-287 .elementor-element.elementor-element-b2a7740 .elementor-icon-list-text a{color:var( --e-global-color-secondary );}.elementor-287 .elementor-element.elementor-element-b2a7740 .elementor-icon-list-item{font-family:\"museo-sans\", Sans-serif;font-size:14px;font-weight:500;}.elementor-287 .elementor-element.elementor-element-b2a7740 > .elementor-widget-container{padding:0px 20px 20px 20px;}body:not(.rtl) .elementor-287 .elementor-element.elementor-element-b2a7740{left:0%;}body.rtl .elementor-287 .elementor-element.elementor-element-b2a7740{right:0%;}.elementor-287 .elementor-element.elementor-element-b2a7740{bottom:0px;}@media(max-width:1024px){.elementor-widget-theme-post-featured-image .widget-image-caption{font-size:var( --e-global-typography-text-font-size );}.elementor-widget-text-editor{font-size:var( --e-global-typography-text-font-size );}.elementor-widget-post-info .elementor-icon-list-item{font-size:var( --e-global-typography-text-font-size );}.elementor-widget-heading .elementor-heading-title{font-size:var( --e-global-typography-primary-font-size );}.elementor-widget-theme-post-excerpt .elementor-widget-container{font-size:var( --e-global-typography-text-font-size );}}@media(max-width:767px){.elementor-287 .elementor-element.elementor-element-1c7f445{margin-top:0px;margin-bottom:0px;padding:0px 0px 0px 0px;}.elementor-287 .elementor-element.elementor-element-4e54b7c{width:100%;}.elementor-287 .elementor-element.elementor-element-4e54b7c > .elementor-widget-wrap > .elementor-widget:not(.elementor-widget__width-auto):not(.elementor-widget__width-initial):not(:last-child):not(.elementor-absolute){margin-block-end:20px;}.elementor-287 .elementor-element.elementor-element-4e54b7c > .elementor-element-populated{margin:5px 5px 5px 5px;--e-column-margin-right:5px;--e-column-margin-left:5px;padding:0px 0px 0px 0px;}.elementor-widget-theme-post-featured-image .widget-image-caption{font-size:var( --e-global-typography-text-font-size );}.elementor-287 .elementor-element.elementor-element-bcd52ae img{width:100%;height:150px;}.elementor-287 .elementor-element.elementor-element-bcd52ae > .elementor-widget-container{margin:0px 0px 0px 0px;padding:0px 0px 0px 0px;}.elementor-widget-text-editor{font-size:var( --e-global-typography-text-font-size );}.elementor-widget-post-info .elementor-icon-list-item{font-size:var( --e-global-typography-text-font-size );}.elementor-287 .elementor-element.elementor-element-4c30b3a > .elementor-widget-container{padding:0px 20px 0px 20px;}.elementor-widget-heading .elementor-heading-title{font-size:var( --e-global-typography-primary-font-size );}.elementor-287 .elementor-element.elementor-element-a5d3e59 .elementor-heading-title{font-size:14px;}.elementor-287 .elementor-element.elementor-element-a5d3e59 > .elementor-widget-container{padding:0px 20px 0px 20px;}.elementor-widget-theme-post-excerpt .elementor-widget-container{font-size:var( --e-global-typography-text-font-size );}.elementor-287 .elementor-element.elementor-element-17abd3f .elementor-widget-container{font-size:12px;}.elementor-287 .elementor-element.elementor-element-17abd3f > .elementor-widget-container{padding:0px 20px 0px 20px;}.elementor-287 .elementor-element.elementor-element-b2a7740 > .elementor-widget-container{margin:10px 10px 10px 20px;padding:0px 0px 0px 0px;}}\/* Start custom CSS for text-editor, class: .elementor-element-211b65a *\/.elementor-287 .elementor-element.elementor-element-211b65a a{\n    margin: 0px 6px;\n    padding: 3px 8px 3px 8px;\n    background-color: #4BC6AF;\n    border-radius: 20px 20px 20px 20px;\n    color: #ffffff;\n}\/* End custom CSS *\/\n\/* Start custom CSS for column, class: .elementor-element-4e54b7c *\/.elementor-287 .elementor-element.elementor-element-4e54b7c{\n    min-height:400px;\n}\n\n@media (max-width: 767px) {\n    .elementor-287 .elementor-element.elementor-element-4e54b7c > .elementor-element-populated {\n        padding:0!important;\n    }\n    \n    .swiper-slide .elementor-element-populated {\n        min-height:auto;\n    }\n}\/* End custom CSS *\/<\/style>\t\t<div data-elementor-type=\"loop-item\" data-elementor-id=\"287\" class=\"elementor elementor-287 swiper-slide e-loop-item e-loop-item-17346 post-17346 post type-post status-publish format-standard has-post-thumbnail hentry category-nos-actualites tag-goods-mobility tag-people-mobility\" data-elementor-post-type=\"elementor_library\" role=\"group\" aria-roledescription=\"slide\" data-custom-edit-handle=\"1\">\n\t\t\t\t\t<section class=\"elementor-section elementor-top-section elementor-element elementor-element-1c7f445 elementor-section-boxed elementor-section-height-default elementor-section-height-default\" data-id=\"1c7f445\" data-element_type=\"section\" data-e-type=\"section\">\n\t\t\t\t\t\t<div class=\"elementor-container elementor-column-gap-default\">\n\t\t\t\t\t<div class=\"elementor-column elementor-col-100 elementor-top-column elementor-element elementor-element-4e54b7c\" data-id=\"4e54b7c\" data-element_type=\"column\" data-e-type=\"column\">\n\t\t\t<div class=\"elementor-widget-wrap elementor-element-populated\">\n\t\t\t\t\t\t<div class=\"elementor-element elementor-element-bcd52ae elementor-widget elementor-widget-theme-post-featured-image elementor-widget-image\" data-id=\"bcd52ae\" data-element_type=\"widget\" data-e-type=\"widget\" data-settings=\"{&quot;ekit_we_effect_on&quot;:&quot;none&quot;}\" data-widget_type=\"theme-post-featured-image.default\">\n\t\t\t\t<div class=\"elementor-widget-container\">\n\t\t\t\t\t\t\t\t\t\t\t\t\t\t\t\t<a href=\"https:\/\/www.movinon.eu\/en\/nos-actualites\/municipales-2026-bleu-blanc-move\/\">\n\t\t\t\t\t\t\t<img decoding=\"async\" width=\"800\" height=\"577\" src=\"https:\/\/www.movinon.eu\/wp-content\/uploads\/2025\/10\/bleu-blanc-move-movinon-municipales-e1760006182486-1024x739.png\" class=\"attachment-large size-large wp-image-17385\" alt=\"\" srcset=\"https:\/\/www.movinon.eu\/wp-content\/uploads\/2025\/10\/bleu-blanc-move-movinon-municipales-e1760006182486-1024x739.png 1024w, https:\/\/www.movinon.eu\/wp-content\/uploads\/2025\/10\/bleu-blanc-move-movinon-municipales-e1760006182486-300x217.png 300w, https:\/\/www.movinon.eu\/wp-content\/uploads\/2025\/10\/bleu-blanc-move-movinon-municipales-e1760006182486-768x554.png 768w, https:\/\/www.movinon.eu\/wp-content\/uploads\/2025\/10\/bleu-blanc-move-movinon-municipales-e1760006182486-18x12.png 18w, https:\/\/www.movinon.eu\/wp-content\/uploads\/2025\/10\/bleu-blanc-move-movinon-municipales-e1760006182486.png 1510w\" sizes=\"(max-width: 800px) 100vw, 800px\" \/>\t\t\t\t\t\t\t\t<\/a>\n\t\t\t\t\t\t\t\t\t\t\t\t\t\t\t<\/div>\n\t\t\t\t<\/div>\n\t\t\t\t<div class=\"dce-visibility-event elementor-element elementor-element-211b65a elementor-widget__width-auto elementor-absolute elementor-widget elementor-widget-text-editor\" data-id=\"211b65a\" data-element_type=\"widget\" data-e-type=\"widget\" data-settings=\"{&quot;enabled_visibility&quot;:&quot;yes&quot;,&quot;_position&quot;:&quot;absolute&quot;,&quot;ekit_we_effect_on&quot;:&quot;none&quot;,&quot;dce_visibility_selected&quot;:&quot;yes&quot;}\" data-widget_type=\"text-editor.default\">\n\t\t\t\t<div class=\"elementor-widget-container\">\n\t\t\t\t\t\t\t\t\t<a href=\"https:\/\/www.movinon.eu\/en\/tag\/goods-mobility\/\" rel=\"tag\">Goods mobility<\/a>  <a href=\"https:\/\/www.movinon.eu\/en\/tag\/people-mobility\/\" rel=\"tag\">People mobility<\/a>\t\t\t\t\t\t\t\t<\/div>\n\t\t\t\t<\/div>\n\t\t\t\t<div class=\"elementor-element elementor-element-4c30b3a elementor-widget elementor-widget-post-info\" data-id=\"4c30b3a\" data-element_type=\"widget\" data-e-type=\"widget\" data-settings=\"{&quot;ekit_we_effect_on&quot;:&quot;none&quot;}\" data-widget_type=\"post-info.default\">\n\t\t\t\t<div class=\"elementor-widget-container\">\n\t\t\t\t\t\t\t<ul class=\"elementor-inline-items elementor-icon-list-items elementor-post-info\">\n\t\t\t\t\t\t\t\t<li class=\"elementor-icon-list-item elementor-repeater-item-62e5d0b elementor-inline-item\" itemprop=\"datePublished\">\n\t\t\t\t\t\t<a href=\"https:\/\/www.movinon.eu\/en\/2025\/10\/07\/\">\n\t\t\t\t\t\t\t\t\t\t\t\t\t\t<span class=\"elementor-icon-list-text elementor-post-info__item elementor-post-info__item--type-date\">\n\t\t\t\t\t\t\t\t\t\t<time>7 October 2025<\/time>\t\t\t\t\t<\/span>\n\t\t\t\t\t\t\t\t\t<\/a>\n\t\t\t\t<\/li>\n\t\t\t\t<\/ul>\n\t\t\t\t\t\t<\/div>\n\t\t\t\t<\/div>\n\t\t\t\t<div class=\"elementor-element elementor-element-a5d3e59 elementor-widget elementor-widget-heading\" data-id=\"a5d3e59\" data-element_type=\"widget\" data-e-type=\"widget\" data-settings=\"{&quot;ekit_we_effect_on&quot;:&quot;none&quot;}\" data-widget_type=\"heading.default\">\n\t\t\t\t<div class=\"elementor-widget-container\">\n\t\t\t\t\t<h3 class=\"elementor-heading-title elementor-size-default\"><a href=\"https:\/\/www.movinon.eu\/en\/nos-actualites\/municipales-2026-bleu-blanc-move\/\">Together, let\u2019s formulate 20 proposals to advance sustainable mobility in our territories.<\/a><\/h3>\t\t\t\t<\/div>\n\t\t\t\t<\/div>\n\t\t\t\t<div class=\"elementor-element elementor-element-17abd3f elementor-widget elementor-widget-theme-post-excerpt\" data-id=\"17abd3f\" data-element_type=\"widget\" data-e-type=\"widget\" data-settings=\"{&quot;ekit_we_effect_on&quot;:&quot;none&quot;}\" data-widget_type=\"theme-post-excerpt.default\">\n\t\t\t\t<div class=\"elementor-widget-container\">\n\t\t\t\t\tWith Bleu Blanc Move, Movin\u2019On aims to enrich public debate and the platforms of municipal election candidates with realistic solutions.\t\t\t\t<\/div>\n\t\t\t\t<\/div>\n\t\t\t\t<div class=\"elementor-element elementor-element-b2a7740 elementor-absolute elementor-widget elementor-widget-post-info\" data-id=\"b2a7740\" data-element_type=\"widget\" data-e-type=\"widget\" data-settings=\"{&quot;_position&quot;:&quot;absolute&quot;,&quot;ekit_we_effect_on&quot;:&quot;none&quot;}\" data-widget_type=\"post-info.default\">\n\t\t\t\t<div class=\"elementor-widget-container\">\n\t\t\t\t\t\t\t<ul class=\"elementor-inline-items elementor-icon-list-items elementor-post-info\">\n\t\t\t\t\t\t\t\t<li class=\"elementor-icon-list-item elementor-repeater-item-1c45029 elementor-inline-item\">\n\t\t\t\t\t\t<a href=\"https:\/\/www.movinon.eu\/en\/nos-actualites\/municipales-2026-bleu-blanc-move\/\">\n\t\t\t\t\t\t\t\t\t\t\t\t\t\t<span class=\"elementor-icon-list-text elementor-post-info__item elementor-post-info__item--type-custom\">\n\t\t\t\t\t\t\t\t\t\tRead article &gt;\t\t\t\t\t<\/span>\n\t\t\t\t\t\t\t\t\t<\/a>\n\t\t\t\t<\/li>\n\t\t\t\t<\/ul>\n\t\t\t\t\t\t<\/div>\n\t\t\t\t<\/div>\n\t\t\t\t\t<\/div>\n\t\t<\/div>\n\t\t\t\t\t<\/div>\n\t\t<\/section>\n\t\t\t\t<\/div>\n\t\t\t\t<div data-elementor-type=\"loop-item\" data-elementor-id=\"287\" class=\"elementor elementor-287 swiper-slide e-loop-item e-loop-item-15683 post-15683 post type-post status-publish format-standard has-post-thumbnail hentry category-nos-actualites tag-people-mobility\" data-elementor-post-type=\"elementor_library\" role=\"group\" aria-roledescription=\"slide\" data-custom-edit-handle=\"1\">\n\t\t\t\t\t<section class=\"elementor-section elementor-top-section elementor-element elementor-element-1c7f445 elementor-section-boxed elementor-section-height-default elementor-section-height-default\" data-id=\"1c7f445\" data-element_type=\"section\" data-e-type=\"section\">\n\t\t\t\t\t\t<div class=\"elementor-container elementor-column-gap-default\">\n\t\t\t\t\t<div class=\"elementor-column elementor-col-100 elementor-top-column elementor-element elementor-element-4e54b7c\" data-id=\"4e54b7c\" data-element_type=\"column\" data-e-type=\"column\">\n\t\t\t<div class=\"elementor-widget-wrap elementor-element-populated\">\n\t\t\t\t\t\t<div class=\"elementor-element elementor-element-bcd52ae elementor-widget elementor-widget-theme-post-featured-image elementor-widget-image\" data-id=\"bcd52ae\" data-element_type=\"widget\" data-e-type=\"widget\" data-settings=\"{&quot;ekit_we_effect_on&quot;:&quot;none&quot;}\" data-widget_type=\"theme-post-featured-image.default\">\n\t\t\t\t<div class=\"elementor-widget-container\">\n\t\t\t\t\t\t\t\t\t\t\t\t\t\t\t\t<a href=\"https:\/\/www.movinon.eu\/en\/nos-actualites\/quebec-ev-development\/\">\n\t\t\t\t\t\t\t<img decoding=\"async\" width=\"800\" height=\"448\" src=\"https:\/\/www.movinon.eu\/wp-content\/uploads\/2025\/02\/electric-vehicle-canada-1024x574.png\" class=\"attachment-large size-large wp-image-15684\" alt=\"\" srcset=\"https:\/\/www.movinon.eu\/wp-content\/uploads\/2025\/02\/electric-vehicle-canada-1024x574.png 1024w, https:\/\/www.movinon.eu\/wp-content\/uploads\/2025\/02\/electric-vehicle-canada-300x168.png 300w, https:\/\/www.movinon.eu\/wp-content\/uploads\/2025\/02\/electric-vehicle-canada-768x430.png 768w, https:\/\/www.movinon.eu\/wp-content\/uploads\/2025\/02\/electric-vehicle-canada-18x10.png 18w, https:\/\/www.movinon.eu\/wp-content\/uploads\/2025\/02\/electric-vehicle-canada.png 1456w\" sizes=\"(max-width: 800px) 100vw, 800px\" \/>\t\t\t\t\t\t\t\t<\/a>\n\t\t\t\t\t\t\t\t\t\t\t\t\t\t\t<\/div>\n\t\t\t\t<\/div>\n\t\t\t\t<div class=\"dce-visibility-event elementor-element elementor-element-211b65a elementor-widget__width-auto elementor-absolute elementor-widget elementor-widget-text-editor\" data-id=\"211b65a\" data-element_type=\"widget\" data-e-type=\"widget\" data-settings=\"{&quot;enabled_visibility&quot;:&quot;yes&quot;,&quot;_position&quot;:&quot;absolute&quot;,&quot;ekit_we_effect_on&quot;:&quot;none&quot;,&quot;dce_visibility_selected&quot;:&quot;yes&quot;}\" data-widget_type=\"text-editor.default\">\n\t\t\t\t<div class=\"elementor-widget-container\">\n\t\t\t\t\t\t\t\t\t<a href=\"https:\/\/www.movinon.eu\/en\/tag\/people-mobility\/\" rel=\"tag\">People mobility<\/a>\t\t\t\t\t\t\t\t<\/div>\n\t\t\t\t<\/div>\n\t\t\t\t<div class=\"elementor-element elementor-element-4c30b3a elementor-widget elementor-widget-post-info\" data-id=\"4c30b3a\" data-element_type=\"widget\" data-e-type=\"widget\" data-settings=\"{&quot;ekit_we_effect_on&quot;:&quot;none&quot;}\" data-widget_type=\"post-info.default\">\n\t\t\t\t<div class=\"elementor-widget-container\">\n\t\t\t\t\t\t\t<ul class=\"elementor-inline-items elementor-icon-list-items elementor-post-info\">\n\t\t\t\t\t\t\t\t<li class=\"elementor-icon-list-item elementor-repeater-item-62e5d0b elementor-inline-item\" itemprop=\"datePublished\">\n\t\t\t\t\t\t<a href=\"https:\/\/www.movinon.eu\/en\/2025\/02\/20\/\">\n\t\t\t\t\t\t\t\t\t\t\t\t\t\t<span class=\"elementor-icon-list-text elementor-post-info__item elementor-post-info__item--type-date\">\n\t\t\t\t\t\t\t\t\t\t<time>20 February 2025<\/time>\t\t\t\t\t<\/span>\n\t\t\t\t\t\t\t\t\t<\/a>\n\t\t\t\t<\/li>\n\t\t\t\t<\/ul>\n\t\t\t\t\t\t<\/div>\n\t\t\t\t<\/div>\n\t\t\t\t<div class=\"elementor-element elementor-element-a5d3e59 elementor-widget elementor-widget-heading\" data-id=\"a5d3e59\" data-element_type=\"widget\" data-e-type=\"widget\" data-settings=\"{&quot;ekit_we_effect_on&quot;:&quot;none&quot;}\" data-widget_type=\"heading.default\">\n\t\t\t\t<div class=\"elementor-widget-container\">\n\t\t\t\t\t<h3 class=\"elementor-heading-title elementor-size-default\"><a href=\"https:\/\/www.movinon.eu\/en\/nos-actualites\/quebec-ev-development\/\">Quebec Expands EV Development, Facing Down U.S. Tariffs<\/a><\/h3>\t\t\t\t<\/div>\n\t\t\t\t<\/div>\n\t\t\t\t<div class=\"elementor-element elementor-element-17abd3f elementor-widget elementor-widget-theme-post-excerpt\" data-id=\"17abd3f\" data-element_type=\"widget\" data-e-type=\"widget\" data-settings=\"{&quot;ekit_we_effect_on&quot;:&quot;none&quot;}\" data-widget_type=\"theme-post-excerpt.default\">\n\t\t\t\t<div class=\"elementor-widget-container\">\n\t\t\t\t\tCanada's goal is to achieve net-zero emissions by 2050 and become a global leader in zero-emission vehicles.\t\t\t\t<\/div>\n\t\t\t\t<\/div>\n\t\t\t\t<div class=\"elementor-element elementor-element-b2a7740 elementor-absolute elementor-widget elementor-widget-post-info\" data-id=\"b2a7740\" data-element_type=\"widget\" data-e-type=\"widget\" data-settings=\"{&quot;_position&quot;:&quot;absolute&quot;,&quot;ekit_we_effect_on&quot;:&quot;none&quot;}\" data-widget_type=\"post-info.default\">\n\t\t\t\t<div class=\"elementor-widget-container\">\n\t\t\t\t\t\t\t<ul class=\"elementor-inline-items elementor-icon-list-items elementor-post-info\">\n\t\t\t\t\t\t\t\t<li class=\"elementor-icon-list-item elementor-repeater-item-1c45029 elementor-inline-item\">\n\t\t\t\t\t\t<a href=\"https:\/\/www.movinon.eu\/en\/nos-actualites\/quebec-ev-development\/\">\n\t\t\t\t\t\t\t\t\t\t\t\t\t\t<span class=\"elementor-icon-list-text elementor-post-info__item elementor-post-info__item--type-custom\">\n\t\t\t\t\t\t\t\t\t\tRead article &gt;\t\t\t\t\t<\/span>\n\t\t\t\t\t\t\t\t\t<\/a>\n\t\t\t\t<\/li>\n\t\t\t\t<\/ul>\n\t\t\t\t\t\t<\/div>\n\t\t\t\t<\/div>\n\t\t\t\t\t<\/div>\n\t\t<\/div>\n\t\t\t\t\t<\/div>\n\t\t<\/section>\n\t\t\t\t<\/div>\n\t\t\t\t<div data-elementor-type=\"loop-item\" data-elementor-id=\"287\" class=\"elementor elementor-287 swiper-slide e-loop-item e-loop-item-15621 post-15621 post type-post status-publish format-standard has-post-thumbnail hentry category-nos-actualites tag-cities-large-infrastructures tag-people-mobility\" data-elementor-post-type=\"elementor_library\" role=\"group\" aria-roledescription=\"slide\" data-custom-edit-handle=\"1\">\n\t\t\t\t\t<section class=\"elementor-section elementor-top-section elementor-element elementor-element-1c7f445 elementor-section-boxed elementor-section-height-default elementor-section-height-default\" data-id=\"1c7f445\" data-element_type=\"section\" data-e-type=\"section\">\n\t\t\t\t\t\t<div class=\"elementor-container elementor-column-gap-default\">\n\t\t\t\t\t<div class=\"elementor-column elementor-col-100 elementor-top-column elementor-element elementor-element-4e54b7c\" data-id=\"4e54b7c\" data-element_type=\"column\" data-e-type=\"column\">\n\t\t\t<div class=\"elementor-widget-wrap elementor-element-populated\">\n\t\t\t\t\t\t<div class=\"elementor-element elementor-element-bcd52ae elementor-widget elementor-widget-theme-post-featured-image elementor-widget-image\" data-id=\"bcd52ae\" data-element_type=\"widget\" data-e-type=\"widget\" data-settings=\"{&quot;ekit_we_effect_on&quot;:&quot;none&quot;}\" data-widget_type=\"theme-post-featured-image.default\">\n\t\t\t\t<div class=\"elementor-widget-container\">\n\t\t\t\t\t\t\t\t\t\t\t\t\t\t\t\t<a href=\"https:\/\/www.movinon.eu\/en\/nos-actualites\/harsh-political-winds-chill-north-american-electric-vehicle-industry\/\">\n\t\t\t\t\t\t\t<img loading=\"lazy\" decoding=\"async\" width=\"800\" height=\"531\" src=\"https:\/\/www.movinon.eu\/wp-content\/uploads\/2025\/02\/electric-vehicle-1024x680.png\" class=\"attachment-large size-large wp-image-15622\" alt=\"\" srcset=\"https:\/\/www.movinon.eu\/wp-content\/uploads\/2025\/02\/electric-vehicle-1024x680.png 1024w, https:\/\/www.movinon.eu\/wp-content\/uploads\/2025\/02\/electric-vehicle-300x199.png 300w, https:\/\/www.movinon.eu\/wp-content\/uploads\/2025\/02\/electric-vehicle-768x510.png 768w, https:\/\/www.movinon.eu\/wp-content\/uploads\/2025\/02\/electric-vehicle-1536x1020.png 1536w, https:\/\/www.movinon.eu\/wp-content\/uploads\/2025\/02\/electric-vehicle-2048x1360.png 2048w, https:\/\/www.movinon.eu\/wp-content\/uploads\/2025\/02\/electric-vehicle-18x12.png 18w\" sizes=\"(max-width: 800px) 100vw, 800px\" \/>\t\t\t\t\t\t\t\t<\/a>\n\t\t\t\t\t\t\t\t\t\t\t\t\t\t\t<\/div>\n\t\t\t\t<\/div>\n\t\t\t\t<div class=\"dce-visibility-event elementor-element elementor-element-211b65a elementor-widget__width-auto elementor-absolute elementor-widget elementor-widget-text-editor\" data-id=\"211b65a\" data-element_type=\"widget\" data-e-type=\"widget\" data-settings=\"{&quot;enabled_visibility&quot;:&quot;yes&quot;,&quot;_position&quot;:&quot;absolute&quot;,&quot;ekit_we_effect_on&quot;:&quot;none&quot;,&quot;dce_visibility_selected&quot;:&quot;yes&quot;}\" data-widget_type=\"text-editor.default\">\n\t\t\t\t<div class=\"elementor-widget-container\">\n\t\t\t\t\t\t\t\t\t<a href=\"https:\/\/www.movinon.eu\/en\/tag\/cities-large-infrastructures\/\" rel=\"tag\">Cities &amp; Large infrastructures<\/a>  <a href=\"https:\/\/www.movinon.eu\/en\/tag\/people-mobility\/\" rel=\"tag\">People mobility<\/a>\t\t\t\t\t\t\t\t<\/div>\n\t\t\t\t<\/div>\n\t\t\t\t<div class=\"elementor-element elementor-element-4c30b3a elementor-widget elementor-widget-post-info\" data-id=\"4c30b3a\" data-element_type=\"widget\" data-e-type=\"widget\" data-settings=\"{&quot;ekit_we_effect_on&quot;:&quot;none&quot;}\" data-widget_type=\"post-info.default\">\n\t\t\t\t<div class=\"elementor-widget-container\">\n\t\t\t\t\t\t\t<ul class=\"elementor-inline-items elementor-icon-list-items elementor-post-info\">\n\t\t\t\t\t\t\t\t<li class=\"elementor-icon-list-item elementor-repeater-item-62e5d0b elementor-inline-item\" itemprop=\"datePublished\">\n\t\t\t\t\t\t<a href=\"https:\/\/www.movinon.eu\/en\/2025\/02\/07\/\">\n\t\t\t\t\t\t\t\t\t\t\t\t\t\t<span class=\"elementor-icon-list-text elementor-post-info__item elementor-post-info__item--type-date\">\n\t\t\t\t\t\t\t\t\t\t<time>7 February 2025<\/time>\t\t\t\t\t<\/span>\n\t\t\t\t\t\t\t\t\t<\/a>\n\t\t\t\t<\/li>\n\t\t\t\t<\/ul>\n\t\t\t\t\t\t<\/div>\n\t\t\t\t<\/div>\n\t\t\t\t<div class=\"elementor-element elementor-element-a5d3e59 elementor-widget elementor-widget-heading\" data-id=\"a5d3e59\" data-element_type=\"widget\" data-e-type=\"widget\" data-settings=\"{&quot;ekit_we_effect_on&quot;:&quot;none&quot;}\" data-widget_type=\"heading.default\">\n\t\t\t\t<div class=\"elementor-widget-container\">\n\t\t\t\t\t<h3 class=\"elementor-heading-title elementor-size-default\"><a href=\"https:\/\/www.movinon.eu\/en\/nos-actualites\/harsh-political-winds-chill-north-american-electric-vehicle-industry\/\">Harsh Political Winds Chill North American Electric Vehicle Industry<\/a><\/h3>\t\t\t\t<\/div>\n\t\t\t\t<\/div>\n\t\t\t\t<div class=\"elementor-element elementor-element-17abd3f elementor-widget elementor-widget-theme-post-excerpt\" data-id=\"17abd3f\" data-element_type=\"widget\" data-e-type=\"widget\" data-settings=\"{&quot;ekit_we_effect_on&quot;:&quot;none&quot;}\" data-widget_type=\"theme-post-excerpt.default\">\n\t\t\t\t<div class=\"elementor-widget-container\">\n\t\t\t\t\tU.S. automakers are breathing a small sigh of relief. But Trump could still impose tariffs, raising prices for U.S. electric vehicle buyers.\t\t\t\t<\/div>\n\t\t\t\t<\/div>\n\t\t\t\t<div class=\"elementor-element elementor-element-b2a7740 elementor-absolute elementor-widget elementor-widget-post-info\" data-id=\"b2a7740\" data-element_type=\"widget\" data-e-type=\"widget\" data-settings=\"{&quot;_position&quot;:&quot;absolute&quot;,&quot;ekit_we_effect_on&quot;:&quot;none&quot;}\" data-widget_type=\"post-info.default\">\n\t\t\t\t<div class=\"elementor-widget-container\">\n\t\t\t\t\t\t\t<ul class=\"elementor-inline-items elementor-icon-list-items elementor-post-info\">\n\t\t\t\t\t\t\t\t<li class=\"elementor-icon-list-item elementor-repeater-item-1c45029 elementor-inline-item\">\n\t\t\t\t\t\t<a href=\"https:\/\/www.movinon.eu\/en\/nos-actualites\/harsh-political-winds-chill-north-american-electric-vehicle-industry\/\">\n\t\t\t\t\t\t\t\t\t\t\t\t\t\t<span class=\"elementor-icon-list-text elementor-post-info__item elementor-post-info__item--type-custom\">\n\t\t\t\t\t\t\t\t\t\tRead article &gt;\t\t\t\t\t<\/span>\n\t\t\t\t\t\t\t\t\t<\/a>\n\t\t\t\t<\/li>\n\t\t\t\t<\/ul>\n\t\t\t\t\t\t<\/div>\n\t\t\t\t<\/div>\n\t\t\t\t\t<\/div>\n\t\t<\/div>\n\t\t\t\t\t<\/div>\n\t\t<\/section>\n\t\t\t\t<\/div>\n\t\t\t\t<div data-elementor-type=\"loop-item\" data-elementor-id=\"287\" class=\"elementor elementor-287 swiper-slide e-loop-item e-loop-item-15569 post-15569 post type-post status-publish format-standard has-post-thumbnail hentry category-nos-actualites tag-cities-large-infrastructures tag-people-mobility\" data-elementor-post-type=\"elementor_library\" role=\"group\" aria-roledescription=\"slide\" data-custom-edit-handle=\"1\">\n\t\t\t\t\t<section class=\"elementor-section elementor-top-section elementor-element elementor-element-1c7f445 elementor-section-boxed elementor-section-height-default elementor-section-height-default\" data-id=\"1c7f445\" data-element_type=\"section\" data-e-type=\"section\">\n\t\t\t\t\t\t<div class=\"elementor-container elementor-column-gap-default\">\n\t\t\t\t\t<div class=\"elementor-column elementor-col-100 elementor-top-column elementor-element elementor-element-4e54b7c\" data-id=\"4e54b7c\" data-element_type=\"column\" data-e-type=\"column\">\n\t\t\t<div class=\"elementor-widget-wrap elementor-element-populated\">\n\t\t\t\t\t\t<div class=\"elementor-element elementor-element-bcd52ae elementor-widget elementor-widget-theme-post-featured-image elementor-widget-image\" data-id=\"bcd52ae\" data-element_type=\"widget\" data-e-type=\"widget\" data-settings=\"{&quot;ekit_we_effect_on&quot;:&quot;none&quot;}\" data-widget_type=\"theme-post-featured-image.default\">\n\t\t\t\t<div class=\"elementor-widget-container\">\n\t\t\t\t\t\t\t\t\t\t\t\t\t\t\t\t<a href=\"https:\/\/www.movinon.eu\/en\/nos-actualites\/trump-ev-plans\/\">\n\t\t\t\t\t\t\t<img loading=\"lazy\" decoding=\"async\" width=\"800\" height=\"450\" src=\"https:\/\/www.movinon.eu\/wp-content\/uploads\/2025\/01\/ev-vehicle-1024x576.jpg\" class=\"attachment-large size-large wp-image-15570\" alt=\"\" srcset=\"https:\/\/www.movinon.eu\/wp-content\/uploads\/2025\/01\/ev-vehicle-1024x576.jpg 1024w, https:\/\/www.movinon.eu\/wp-content\/uploads\/2025\/01\/ev-vehicle-300x169.jpg 300w, https:\/\/www.movinon.eu\/wp-content\/uploads\/2025\/01\/ev-vehicle-768x432.jpg 768w, https:\/\/www.movinon.eu\/wp-content\/uploads\/2025\/01\/ev-vehicle-1536x864.jpg 1536w, https:\/\/www.movinon.eu\/wp-content\/uploads\/2025\/01\/ev-vehicle-2048x1152.jpg 2048w, https:\/\/www.movinon.eu\/wp-content\/uploads\/2025\/01\/ev-vehicle-18x10.jpg 18w\" sizes=\"(max-width: 800px) 100vw, 800px\" \/>\t\t\t\t\t\t\t\t<\/a>\n\t\t\t\t\t\t\t\t\t\t\t\t\t\t\t<\/div>\n\t\t\t\t<\/div>\n\t\t\t\t<div class=\"dce-visibility-event elementor-element elementor-element-211b65a elementor-widget__width-auto elementor-absolute elementor-widget elementor-widget-text-editor\" data-id=\"211b65a\" data-element_type=\"widget\" data-e-type=\"widget\" data-settings=\"{&quot;enabled_visibility&quot;:&quot;yes&quot;,&quot;_position&quot;:&quot;absolute&quot;,&quot;ekit_we_effect_on&quot;:&quot;none&quot;,&quot;dce_visibility_selected&quot;:&quot;yes&quot;}\" data-widget_type=\"text-editor.default\">\n\t\t\t\t<div class=\"elementor-widget-container\">\n\t\t\t\t\t\t\t\t\t<a href=\"https:\/\/www.movinon.eu\/en\/tag\/cities-large-infrastructures\/\" rel=\"tag\">Cities &amp; Large infrastructures<\/a>  <a href=\"https:\/\/www.movinon.eu\/en\/tag\/people-mobility\/\" rel=\"tag\">People mobility<\/a>\t\t\t\t\t\t\t\t<\/div>\n\t\t\t\t<\/div>\n\t\t\t\t<div class=\"elementor-element elementor-element-4c30b3a elementor-widget elementor-widget-post-info\" data-id=\"4c30b3a\" data-element_type=\"widget\" data-e-type=\"widget\" data-settings=\"{&quot;ekit_we_effect_on&quot;:&quot;none&quot;}\" data-widget_type=\"post-info.default\">\n\t\t\t\t<div class=\"elementor-widget-container\">\n\t\t\t\t\t\t\t<ul class=\"elementor-inline-items elementor-icon-list-items elementor-post-info\">\n\t\t\t\t\t\t\t\t<li class=\"elementor-icon-list-item elementor-repeater-item-62e5d0b elementor-inline-item\" itemprop=\"datePublished\">\n\t\t\t\t\t\t<a href=\"https:\/\/www.movinon.eu\/en\/2025\/01\/23\/\">\n\t\t\t\t\t\t\t\t\t\t\t\t\t\t<span class=\"elementor-icon-list-text elementor-post-info__item elementor-post-info__item--type-date\">\n\t\t\t\t\t\t\t\t\t\t<time>23 January 2025<\/time>\t\t\t\t\t<\/span>\n\t\t\t\t\t\t\t\t\t<\/a>\n\t\t\t\t<\/li>\n\t\t\t\t<\/ul>\n\t\t\t\t\t\t<\/div>\n\t\t\t\t<\/div>\n\t\t\t\t<div class=\"elementor-element elementor-element-a5d3e59 elementor-widget elementor-widget-heading\" data-id=\"a5d3e59\" data-element_type=\"widget\" data-e-type=\"widget\" data-settings=\"{&quot;ekit_we_effect_on&quot;:&quot;none&quot;}\" data-widget_type=\"heading.default\">\n\t\t\t\t<div class=\"elementor-widget-container\">\n\t\t\t\t\t<h3 class=\"elementor-heading-title elementor-size-default\"><a href=\"https:\/\/www.movinon.eu\/en\/nos-actualites\/trump-ev-plans\/\">Trump Destroys Biden\u2019s EV Plans with Sweeping Executive Order<\/a><\/h3>\t\t\t\t<\/div>\n\t\t\t\t<\/div>\n\t\t\t\t<div class=\"elementor-element elementor-element-17abd3f elementor-widget elementor-widget-theme-post-excerpt\" data-id=\"17abd3f\" data-element_type=\"widget\" data-e-type=\"widget\" data-settings=\"{&quot;ekit_we_effect_on&quot;:&quot;none&quot;}\" data-widget_type=\"theme-post-excerpt.default\">\n\t\t\t\t<div class=\"elementor-widget-container\">\n\t\t\t\t\tDecarbonization and sustainability are not priorities for President Donald J. Trump, who took the oath of office.\t\t\t\t<\/div>\n\t\t\t\t<\/div>\n\t\t\t\t<div class=\"elementor-element elementor-element-b2a7740 elementor-absolute elementor-widget elementor-widget-post-info\" data-id=\"b2a7740\" data-element_type=\"widget\" data-e-type=\"widget\" data-settings=\"{&quot;_position&quot;:&quot;absolute&quot;,&quot;ekit_we_effect_on&quot;:&quot;none&quot;}\" data-widget_type=\"post-info.default\">\n\t\t\t\t<div class=\"elementor-widget-container\">\n\t\t\t\t\t\t\t<ul class=\"elementor-inline-items elementor-icon-list-items elementor-post-info\">\n\t\t\t\t\t\t\t\t<li class=\"elementor-icon-list-item elementor-repeater-item-1c45029 elementor-inline-item\">\n\t\t\t\t\t\t<a href=\"https:\/\/www.movinon.eu\/en\/nos-actualites\/trump-ev-plans\/\">\n\t\t\t\t\t\t\t\t\t\t\t\t\t\t<span class=\"elementor-icon-list-text elementor-post-info__item elementor-post-info__item--type-custom\">\n\t\t\t\t\t\t\t\t\t\tRead article &gt;\t\t\t\t\t<\/span>\n\t\t\t\t\t\t\t\t\t<\/a>\n\t\t\t\t<\/li>\n\t\t\t\t<\/ul>\n\t\t\t\t\t\t<\/div>\n\t\t\t\t<\/div>\n\t\t\t\t\t<\/div>\n\t\t<\/div>\n\t\t\t\t\t<\/div>\n\t\t<\/section>\n\t\t\t\t<\/div>\n\t\t\t\t<div data-elementor-type=\"loop-item\" data-elementor-id=\"287\" class=\"elementor elementor-287 swiper-slide e-loop-item e-loop-item-15495 post-15495 post type-post status-publish format-standard has-post-thumbnail hentry category-nos-actualites tag-people-mobility\" data-elementor-post-type=\"elementor_library\" role=\"group\" aria-roledescription=\"slide\" data-custom-edit-handle=\"1\">\n\t\t\t\t\t<section class=\"elementor-section elementor-top-section elementor-element elementor-element-1c7f445 elementor-section-boxed elementor-section-height-default elementor-section-height-default\" data-id=\"1c7f445\" data-element_type=\"section\" data-e-type=\"section\">\n\t\t\t\t\t\t<div class=\"elementor-container elementor-column-gap-default\">\n\t\t\t\t\t<div class=\"elementor-column elementor-col-100 elementor-top-column elementor-element elementor-element-4e54b7c\" data-id=\"4e54b7c\" data-element_type=\"column\" data-e-type=\"column\">\n\t\t\t<div class=\"elementor-widget-wrap elementor-element-populated\">\n\t\t\t\t\t\t<div class=\"elementor-element elementor-element-bcd52ae elementor-widget elementor-widget-theme-post-featured-image elementor-widget-image\" data-id=\"bcd52ae\" data-element_type=\"widget\" data-e-type=\"widget\" data-settings=\"{&quot;ekit_we_effect_on&quot;:&quot;none&quot;}\" data-widget_type=\"theme-post-featured-image.default\">\n\t\t\t\t<div class=\"elementor-widget-container\">\n\t\t\t\t\t\t\t\t\t\t\t\t\t\t\t\t<a href=\"https:\/\/www.movinon.eu\/en\/nos-actualites\/motorists-pay-enter-manhattan\/\">\n\t\t\t\t\t\t\t<img loading=\"lazy\" decoding=\"async\" width=\"800\" height=\"534\" src=\"https:\/\/www.movinon.eu\/wp-content\/uploads\/2025\/01\/manhattan-motorists-traffic-jam-1024x683.jpg\" class=\"attachment-large size-large wp-image-15497\" alt=\"manhattan taxi\" srcset=\"https:\/\/www.movinon.eu\/wp-content\/uploads\/2025\/01\/manhattan-motorists-traffic-jam-1024x683.jpg 1024w, https:\/\/www.movinon.eu\/wp-content\/uploads\/2025\/01\/manhattan-motorists-traffic-jam-300x200.jpg 300w, https:\/\/www.movinon.eu\/wp-content\/uploads\/2025\/01\/manhattan-motorists-traffic-jam-768x512.jpg 768w, https:\/\/www.movinon.eu\/wp-content\/uploads\/2025\/01\/manhattan-motorists-traffic-jam-1536x1024.jpg 1536w, https:\/\/www.movinon.eu\/wp-content\/uploads\/2025\/01\/manhattan-motorists-traffic-jam-2048x1365.jpg 2048w, https:\/\/www.movinon.eu\/wp-content\/uploads\/2025\/01\/manhattan-motorists-traffic-jam-18x12.jpg 18w\" sizes=\"(max-width: 800px) 100vw, 800px\" \/>\t\t\t\t\t\t\t\t<\/a>\n\t\t\t\t\t\t\t\t\t\t\t\t\t\t\t<\/div>\n\t\t\t\t<\/div>\n\t\t\t\t<div class=\"dce-visibility-event elementor-element elementor-element-211b65a elementor-widget__width-auto elementor-absolute elementor-widget elementor-widget-text-editor\" data-id=\"211b65a\" data-element_type=\"widget\" data-e-type=\"widget\" data-settings=\"{&quot;enabled_visibility&quot;:&quot;yes&quot;,&quot;_position&quot;:&quot;absolute&quot;,&quot;ekit_we_effect_on&quot;:&quot;none&quot;,&quot;dce_visibility_selected&quot;:&quot;yes&quot;}\" data-widget_type=\"text-editor.default\">\n\t\t\t\t<div class=\"elementor-widget-container\">\n\t\t\t\t\t\t\t\t\t<a href=\"https:\/\/www.movinon.eu\/en\/tag\/people-mobility\/\" rel=\"tag\">People mobility<\/a>\t\t\t\t\t\t\t\t<\/div>\n\t\t\t\t<\/div>\n\t\t\t\t<div class=\"elementor-element elementor-element-4c30b3a elementor-widget elementor-widget-post-info\" data-id=\"4c30b3a\" data-element_type=\"widget\" data-e-type=\"widget\" data-settings=\"{&quot;ekit_we_effect_on&quot;:&quot;none&quot;}\" data-widget_type=\"post-info.default\">\n\t\t\t\t<div class=\"elementor-widget-container\">\n\t\t\t\t\t\t\t<ul class=\"elementor-inline-items elementor-icon-list-items elementor-post-info\">\n\t\t\t\t\t\t\t\t<li class=\"elementor-icon-list-item elementor-repeater-item-62e5d0b elementor-inline-item\" itemprop=\"datePublished\">\n\t\t\t\t\t\t<a href=\"https:\/\/www.movinon.eu\/en\/2025\/01\/16\/\">\n\t\t\t\t\t\t\t\t\t\t\t\t\t\t<span class=\"elementor-icon-list-text elementor-post-info__item elementor-post-info__item--type-date\">\n\t\t\t\t\t\t\t\t\t\t<time>16 January 2025<\/time>\t\t\t\t\t<\/span>\n\t\t\t\t\t\t\t\t\t<\/a>\n\t\t\t\t<\/li>\n\t\t\t\t<\/ul>\n\t\t\t\t\t\t<\/div>\n\t\t\t\t<\/div>\n\t\t\t\t<div class=\"elementor-element elementor-element-a5d3e59 elementor-widget elementor-widget-heading\" data-id=\"a5d3e59\" data-element_type=\"widget\" data-e-type=\"widget\" data-settings=\"{&quot;ekit_we_effect_on&quot;:&quot;none&quot;}\" data-widget_type=\"heading.default\">\n\t\t\t\t<div class=\"elementor-widget-container\">\n\t\t\t\t\t<h3 class=\"elementor-heading-title elementor-size-default\"><a href=\"https:\/\/www.movinon.eu\/en\/nos-actualites\/motorists-pay-enter-manhattan\/\">Motorists Now Must Pay to Enter the Heart of Manhattan<\/a><\/h3>\t\t\t\t<\/div>\n\t\t\t\t<\/div>\n\t\t\t\t<div class=\"elementor-element elementor-element-17abd3f elementor-widget elementor-widget-theme-post-excerpt\" data-id=\"17abd3f\" data-element_type=\"widget\" data-e-type=\"widget\" data-settings=\"{&quot;ekit_we_effect_on&quot;:&quot;none&quot;}\" data-widget_type=\"theme-post-excerpt.default\">\n\t\t\t\t<div class=\"elementor-widget-container\">\n\t\t\t\t\tOn January 5, 2025, New York City's Metropolitan Transportation Authority activated the first congestion pricing program in the United States.\t\t\t\t<\/div>\n\t\t\t\t<\/div>\n\t\t\t\t<div class=\"elementor-element elementor-element-b2a7740 elementor-absolute elementor-widget elementor-widget-post-info\" data-id=\"b2a7740\" data-element_type=\"widget\" data-e-type=\"widget\" data-settings=\"{&quot;_position&quot;:&quot;absolute&quot;,&quot;ekit_we_effect_on&quot;:&quot;none&quot;}\" data-widget_type=\"post-info.default\">\n\t\t\t\t<div class=\"elementor-widget-container\">\n\t\t\t\t\t\t\t<ul class=\"elementor-inline-items elementor-icon-list-items elementor-post-info\">\n\t\t\t\t\t\t\t\t<li class=\"elementor-icon-list-item elementor-repeater-item-1c45029 elementor-inline-item\">\n\t\t\t\t\t\t<a href=\"https:\/\/www.movinon.eu\/en\/nos-actualites\/motorists-pay-enter-manhattan\/\">\n\t\t\t\t\t\t\t\t\t\t\t\t\t\t<span class=\"elementor-icon-list-text elementor-post-info__item elementor-post-info__item--type-custom\">\n\t\t\t\t\t\t\t\t\t\tRead article &gt;\t\t\t\t\t<\/span>\n\t\t\t\t\t\t\t\t\t<\/a>\n\t\t\t\t<\/li>\n\t\t\t\t<\/ul>\n\t\t\t\t\t\t<\/div>\n\t\t\t\t<\/div>\n\t\t\t\t\t<\/div>\n\t\t<\/div>\n\t\t\t\t\t<\/div>\n\t\t<\/section>\n\t\t\t\t<\/div>\n\t\t\t\t<div data-elementor-type=\"loop-item\" data-elementor-id=\"287\" class=\"elementor elementor-287 swiper-slide e-loop-item e-loop-item-14912 post-14912 post type-post status-publish format-standard has-post-thumbnail hentry category-nos-actualites tag-people-mobility\" data-elementor-post-type=\"elementor_library\" role=\"group\" aria-roledescription=\"slide\" data-custom-edit-handle=\"1\">\n\t\t\t\t\t<section class=\"elementor-section elementor-top-section elementor-element elementor-element-1c7f445 elementor-section-boxed elementor-section-height-default elementor-section-height-default\" data-id=\"1c7f445\" data-element_type=\"section\" data-e-type=\"section\">\n\t\t\t\t\t\t<div class=\"elementor-container elementor-column-gap-default\">\n\t\t\t\t\t<div class=\"elementor-column elementor-col-100 elementor-top-column elementor-element elementor-element-4e54b7c\" data-id=\"4e54b7c\" data-element_type=\"column\" data-e-type=\"column\">\n\t\t\t<div class=\"elementor-widget-wrap elementor-element-populated\">\n\t\t\t\t\t\t<div class=\"elementor-element elementor-element-bcd52ae elementor-widget elementor-widget-theme-post-featured-image elementor-widget-image\" data-id=\"bcd52ae\" data-element_type=\"widget\" data-e-type=\"widget\" data-settings=\"{&quot;ekit_we_effect_on&quot;:&quot;none&quot;}\" data-widget_type=\"theme-post-featured-image.default\">\n\t\t\t\t<div class=\"elementor-widget-container\">\n\t\t\t\t\t\t\t\t\t\t\t\t\t\t\t\t<a href=\"https:\/\/www.movinon.eu\/en\/nos-actualites\/investissement-infrastructures-transition-verte-nouvelles-mobilites\/\">\n\t\t\t\t\t\t\t<img loading=\"lazy\" decoding=\"async\" width=\"800\" height=\"625\" src=\"https:\/\/www.movinon.eu\/wp-content\/uploads\/2024\/11\/panel-energy-transition-1-1024x800.png\" class=\"attachment-large size-large wp-image-14096\" alt=\"\" srcset=\"https:\/\/www.movinon.eu\/wp-content\/uploads\/2024\/11\/panel-energy-transition-1-1024x800.png 1024w, https:\/\/www.movinon.eu\/wp-content\/uploads\/2024\/11\/panel-energy-transition-1-300x234.png 300w, https:\/\/www.movinon.eu\/wp-content\/uploads\/2024\/11\/panel-energy-transition-1-768x600.png 768w, https:\/\/www.movinon.eu\/wp-content\/uploads\/2024\/11\/panel-energy-transition-1-1536x1200.png 1536w, https:\/\/www.movinon.eu\/wp-content\/uploads\/2024\/11\/panel-energy-transition-1-2048x1600.png 2048w, https:\/\/www.movinon.eu\/wp-content\/uploads\/2024\/11\/panel-energy-transition-1-15x12.png 15w\" sizes=\"(max-width: 800px) 100vw, 800px\" \/>\t\t\t\t\t\t\t\t<\/a>\n\t\t\t\t\t\t\t\t\t\t\t\t\t\t\t<\/div>\n\t\t\t\t<\/div>\n\t\t\t\t<div class=\"dce-visibility-event elementor-element elementor-element-211b65a elementor-widget__width-auto elementor-absolute elementor-widget elementor-widget-text-editor\" data-id=\"211b65a\" data-element_type=\"widget\" data-e-type=\"widget\" data-settings=\"{&quot;enabled_visibility&quot;:&quot;yes&quot;,&quot;_position&quot;:&quot;absolute&quot;,&quot;ekit_we_effect_on&quot;:&quot;none&quot;,&quot;dce_visibility_selected&quot;:&quot;yes&quot;}\" data-widget_type=\"text-editor.default\">\n\t\t\t\t<div class=\"elementor-widget-container\">\n\t\t\t\t\t\t\t\t\t<a href=\"https:\/\/www.movinon.eu\/en\/tag\/people-mobility\/\" rel=\"tag\">People mobility<\/a>\t\t\t\t\t\t\t\t<\/div>\n\t\t\t\t<\/div>\n\t\t\t\t<div class=\"elementor-element elementor-element-4c30b3a elementor-widget elementor-widget-post-info\" data-id=\"4c30b3a\" data-element_type=\"widget\" data-e-type=\"widget\" data-settings=\"{&quot;ekit_we_effect_on&quot;:&quot;none&quot;}\" data-widget_type=\"post-info.default\">\n\t\t\t\t<div class=\"elementor-widget-container\">\n\t\t\t\t\t\t\t<ul class=\"elementor-inline-items elementor-icon-list-items elementor-post-info\">\n\t\t\t\t\t\t\t\t<li class=\"elementor-icon-list-item elementor-repeater-item-62e5d0b elementor-inline-item\" itemprop=\"datePublished\">\n\t\t\t\t\t\t<a href=\"https:\/\/www.movinon.eu\/en\/2024\/12\/13\/\">\n\t\t\t\t\t\t\t\t\t\t\t\t\t\t<span class=\"elementor-icon-list-text elementor-post-info__item elementor-post-info__item--type-date\">\n\t\t\t\t\t\t\t\t\t\t<time>13 December 2024<\/time>\t\t\t\t\t<\/span>\n\t\t\t\t\t\t\t\t\t<\/a>\n\t\t\t\t<\/li>\n\t\t\t\t<\/ul>\n\t\t\t\t\t\t<\/div>\n\t\t\t\t<\/div>\n\t\t\t\t<div class=\"elementor-element elementor-element-a5d3e59 elementor-widget elementor-widget-heading\" data-id=\"a5d3e59\" data-element_type=\"widget\" data-e-type=\"widget\" data-settings=\"{&quot;ekit_we_effect_on&quot;:&quot;none&quot;}\" data-widget_type=\"heading.default\">\n\t\t\t\t<div class=\"elementor-widget-container\">\n\t\t\t\t\t<h3 class=\"elementor-heading-title elementor-size-default\"><a href=\"https:\/\/www.movinon.eu\/en\/nos-actualites\/investissement-infrastructures-transition-verte-nouvelles-mobilites\/\">In 2035, large scale investment in green transition infrastructure is the new mobility key.<\/a><\/h3>\t\t\t\t<\/div>\n\t\t\t\t<\/div>\n\t\t\t\t<div class=\"elementor-element elementor-element-17abd3f elementor-widget elementor-widget-theme-post-excerpt\" data-id=\"17abd3f\" data-element_type=\"widget\" data-e-type=\"widget\" data-settings=\"{&quot;ekit_we_effect_on&quot;:&quot;none&quot;}\" data-widget_type=\"theme-post-excerpt.default\">\n\t\t\t\t<div class=\"elementor-widget-container\">\n\t\t\t\t\tThe transport sector still accounts for a quarter of global CO\u2082 emissions today. It is therefore hard to imagine decarbonizing it without addressing this issue.\t\t\t\t<\/div>\n\t\t\t\t<\/div>\n\t\t\t\t<div class=\"elementor-element elementor-element-b2a7740 elementor-absolute elementor-widget elementor-widget-post-info\" data-id=\"b2a7740\" data-element_type=\"widget\" data-e-type=\"widget\" data-settings=\"{&quot;_position&quot;:&quot;absolute&quot;,&quot;ekit_we_effect_on&quot;:&quot;none&quot;}\" data-widget_type=\"post-info.default\">\n\t\t\t\t<div class=\"elementor-widget-container\">\n\t\t\t\t\t\t\t<ul class=\"elementor-inline-items elementor-icon-list-items elementor-post-info\">\n\t\t\t\t\t\t\t\t<li class=\"elementor-icon-list-item elementor-repeater-item-1c45029 elementor-inline-item\">\n\t\t\t\t\t\t<a href=\"https:\/\/www.movinon.eu\/en\/nos-actualites\/investissement-infrastructures-transition-verte-nouvelles-mobilites\/\">\n\t\t\t\t\t\t\t\t\t\t\t\t\t\t<span class=\"elementor-icon-list-text elementor-post-info__item elementor-post-info__item--type-custom\">\n\t\t\t\t\t\t\t\t\t\tRead article &gt;\t\t\t\t\t<\/span>\n\t\t\t\t\t\t\t\t\t<\/a>\n\t\t\t\t<\/li>\n\t\t\t\t<\/ul>\n\t\t\t\t\t\t<\/div>\n\t\t\t\t<\/div>\n\t\t\t\t\t<\/div>\n\t\t<\/div>\n\t\t\t\t\t<\/div>\n\t\t<\/section>\n\t\t\t\t<\/div>\n\t\t\t\t<\/div>\n\t\t<\/div>\n\t\t\t\t\t<div class=\"elementor-swiper-button elementor-swiper-button-prev\" role=\"button\" tabindex=\"0\" aria-label=\"Previous\">\n\t\t\t\t<i aria-hidden=\"true\" class=\"eicon-chevron-left\"><\/i>\t\t\t<\/div>\n\t\t\t<div class=\"elementor-swiper-button elementor-swiper-button-next\" role=\"button\" tabindex=\"0\" aria-label=\"Next\">\n\t\t\t\t<i aria-hidden=\"true\" class=\"eicon-chevron-right\"><\/i>\t\t\t<\/div>\n\t\t\t\t\t\t<\/div>\n\t\t\t\t<\/div>\n\t\t\t\t\t<\/div>\n\t\t<\/div>\n\t\t\t\t\t<\/div>\n\t\t<\/section>\n\t\t\t\t<\/div>","protected":false},"excerpt":{"rendered":"<p>Accessibilit\u00e9 : L\u2019ONU invite la France \u00e0 se mettre en conformit\u00e9 avec la Convention internationale des droits des personnes handicap\u00e9es.<\/p>","protected":false},"author":2,"featured_media":2474,"comment_status":"closed","ping_status":"closed","sticky":false,"template":"","format":"standard","meta":{"_acf_changed":false,"footnotes":""},"categories":[4],"tags":[20,16],"class_list":["post-1777","post","type-post","status-publish","format-standard","has-post-thumbnail","hentry","category-nos-actualites","tag-norms-regulations","tag-people-mobility"],"acf":[],"yoast_head":"<!-- This site is optimized with the Yoast SEO Premium plugin v27.4 (Yoast SEO v27.5) - https:\/\/yoast.com\/product\/yoast-seo-premium-wordpress\/ -->\n<title>La France en retard pour l\u2019accessibilit\u00e9 des transports en commun<\/title>\n<meta name=\"description\" content=\"Accessibilit\u00e9 : L\u2019ONU invite la France \u00e0 se mettre en conformit\u00e9 avec la Convention internationale des droits des personnes handicap\u00e9es.\" \/>\n<meta name=\"robots\" content=\"index, follow, max-snippet:-1, max-image-preview:large, max-video-preview:-1\" \/>\n<link rel=\"canonical\" href=\"https:\/\/www.movinon.eu\/en\/nos-actualites\/france-retard-pour-accessibilite-transports-commun\/\" \/>\n<meta property=\"og:locale\" content=\"en_GB\" \/>\n<meta property=\"og:type\" content=\"article\" \/>\n<meta property=\"og:title\" content=\"La France en retard pour l\u2019accessibilit\u00e9 des transports en commun\" \/>\n<meta property=\"og:description\" content=\"Accessibilit\u00e9 : L\u2019ONU invite la France \u00e0 se mettre en conformit\u00e9 avec la Convention internationale des droits des personnes handicap\u00e9es.\" \/>\n<meta property=\"og:url\" content=\"https:\/\/www.movinon.eu\/en\/nos-actualites\/france-retard-pour-accessibilite-transports-commun\/\" \/>\n<meta property=\"og:site_name\" content=\"Movin&#039;On\" \/>\n<meta property=\"article:published_time\" content=\"2023-04-12T08:27:15+00:00\" \/>\n<meta property=\"article:modified_time\" content=\"2023-10-25T13:44:18+00:00\" \/>\n<meta property=\"og:image\" content=\"https:\/\/www.movinon.eu\/wp-content\/uploads\/2023\/04\/Mobilite-inclusive-transport-public-scaled.jpg\" \/>\n\t<meta property=\"og:image:width\" content=\"2560\" \/>\n\t<meta property=\"og:image:height\" content=\"1446\" \/>\n\t<meta property=\"og:image:type\" content=\"image\/jpeg\" \/>\n<meta name=\"author\" content=\"Yoan Virton\" \/>\n<meta name=\"twitter:card\" content=\"summary_large_image\" \/>\n<meta name=\"twitter:label1\" content=\"Written by\" \/>\n\t<meta name=\"twitter:data1\" content=\"Yoan Virton\" \/>\n\t<meta name=\"twitter:label2\" content=\"Estimated reading time\" \/>\n\t<meta name=\"twitter:data2\" content=\"9 minutes\" \/>\n<script type=\"application\/ld+json\" class=\"yoast-schema-graph\">{\"@context\":\"https:\\\/\\\/schema.org\",\"@graph\":[{\"@type\":\"Article\",\"@id\":\"https:\\\/\\\/www.movinon.eu\\\/nos-actualites\\\/france-retard-pour-accessibilite-transports-commun\\\/#article\",\"isPartOf\":{\"@id\":\"https:\\\/\\\/www.movinon.eu\\\/nos-actualites\\\/france-retard-pour-accessibilite-transports-commun\\\/\"},\"author\":{\"name\":\"Yoan Virton\",\"@id\":\"https:\\\/\\\/www.movinon.eu\\\/#\\\/schema\\\/person\\\/2d052acf98f952f19223f80516c73adf\"},\"headline\":\"La France en retard pour l\u2019accessibilit\u00e9 des transports en commun\",\"datePublished\":\"2023-04-12T08:27:15+00:00\",\"dateModified\":\"2023-10-25T13:44:18+00:00\",\"mainEntityOfPage\":{\"@id\":\"https:\\\/\\\/www.movinon.eu\\\/nos-actualites\\\/france-retard-pour-accessibilite-transports-commun\\\/\"},\"wordCount\":1790,\"publisher\":{\"@id\":\"https:\\\/\\\/www.movinon.eu\\\/#organization\"},\"image\":{\"@id\":\"https:\\\/\\\/www.movinon.eu\\\/nos-actualites\\\/france-retard-pour-accessibilite-transports-commun\\\/#primaryimage\"},\"thumbnailUrl\":\"https:\\\/\\\/www.movinon.eu\\\/wp-content\\\/uploads\\\/2023\\\/04\\\/Mobilite-inclusive-transport-public-scaled.jpg\",\"keywords\":[\"Norms &amp; Regulations\",\"People mobility\"],\"articleSection\":[\"Nos Actualit\u00e9s\"],\"inLanguage\":\"en-GB\"},{\"@type\":\"WebPage\",\"@id\":\"https:\\\/\\\/www.movinon.eu\\\/nos-actualites\\\/france-retard-pour-accessibilite-transports-commun\\\/\",\"url\":\"https:\\\/\\\/www.movinon.eu\\\/nos-actualites\\\/france-retard-pour-accessibilite-transports-commun\\\/\",\"name\":\"La France en retard pour l\u2019accessibilit\u00e9 des transports en commun\",\"isPartOf\":{\"@id\":\"https:\\\/\\\/www.movinon.eu\\\/#website\"},\"primaryImageOfPage\":{\"@id\":\"https:\\\/\\\/www.movinon.eu\\\/nos-actualites\\\/france-retard-pour-accessibilite-transports-commun\\\/#primaryimage\"},\"image\":{\"@id\":\"https:\\\/\\\/www.movinon.eu\\\/nos-actualites\\\/france-retard-pour-accessibilite-transports-commun\\\/#primaryimage\"},\"thumbnailUrl\":\"https:\\\/\\\/www.movinon.eu\\\/wp-content\\\/uploads\\\/2023\\\/04\\\/Mobilite-inclusive-transport-public-scaled.jpg\",\"datePublished\":\"2023-04-12T08:27:15+00:00\",\"dateModified\":\"2023-10-25T13:44:18+00:00\",\"description\":\"Accessibilit\u00e9 : L\u2019ONU invite la France \u00e0 se mettre en conformit\u00e9 avec la Convention internationale des droits des personnes handicap\u00e9es.\",\"inLanguage\":\"en-GB\",\"potentialAction\":[{\"@type\":\"ReadAction\",\"target\":[\"https:\\\/\\\/www.movinon.eu\\\/nos-actualites\\\/france-retard-pour-accessibilite-transports-commun\\\/\"]}]},{\"@type\":\"ImageObject\",\"inLanguage\":\"en-GB\",\"@id\":\"https:\\\/\\\/www.movinon.eu\\\/nos-actualites\\\/france-retard-pour-accessibilite-transports-commun\\\/#primaryimage\",\"url\":\"https:\\\/\\\/www.movinon.eu\\\/wp-content\\\/uploads\\\/2023\\\/04\\\/Mobilite-inclusive-transport-public-scaled.jpg\",\"contentUrl\":\"https:\\\/\\\/www.movinon.eu\\\/wp-content\\\/uploads\\\/2023\\\/04\\\/Mobilite-inclusive-transport-public-scaled.jpg\",\"width\":2560,\"height\":1446,\"caption\":\"photo fauteuil roulant transport public pour movinon\"},{\"@type\":\"WebSite\",\"@id\":\"https:\\\/\\\/www.movinon.eu\\\/#website\",\"url\":\"https:\\\/\\\/www.movinon.eu\\\/\",\"name\":\"Movin'On\",\"description\":\"From ambition to action\",\"publisher\":{\"@id\":\"https:\\\/\\\/www.movinon.eu\\\/#organization\"},\"potentialAction\":[{\"@type\":\"SearchAction\",\"target\":{\"@type\":\"EntryPoint\",\"urlTemplate\":\"https:\\\/\\\/www.movinon.eu\\\/?s={search_term_string}\"},\"query-input\":{\"@type\":\"PropertyValueSpecification\",\"valueRequired\":true,\"valueName\":\"search_term_string\"}}],\"inLanguage\":\"en-GB\"},{\"@type\":\"Organization\",\"@id\":\"https:\\\/\\\/www.movinon.eu\\\/#organization\",\"name\":\"Movin'On\",\"url\":\"https:\\\/\\\/www.movinon.eu\\\/\",\"logo\":{\"@type\":\"ImageObject\",\"inLanguage\":\"en-GB\",\"@id\":\"https:\\\/\\\/www.movinon.eu\\\/#\\\/schema\\\/logo\\\/image\\\/\",\"url\":\"https:\\\/\\\/www.movinon.eu\\\/wp-content\\\/uploads\\\/2023\\\/02\\\/logo-mo.svg\",\"contentUrl\":\"https:\\\/\\\/www.movinon.eu\\\/wp-content\\\/uploads\\\/2023\\\/02\\\/logo-mo.svg\",\"width\":186,\"height\":28,\"caption\":\"Movin'On\"},\"image\":{\"@id\":\"https:\\\/\\\/www.movinon.eu\\\/#\\\/schema\\\/logo\\\/image\\\/\"}},{\"@type\":\"Person\",\"@id\":\"https:\\\/\\\/www.movinon.eu\\\/#\\\/schema\\\/person\\\/2d052acf98f952f19223f80516c73adf\",\"name\":\"Yoan Virton\",\"image\":{\"@type\":\"ImageObject\",\"inLanguage\":\"en-GB\",\"@id\":\"https:\\\/\\\/secure.gravatar.com\\\/avatar\\\/c0986a7b3a4b3afb8e546bb35ac2227e0a1becd24dc85548df3fed957e4236d3?s=96&d=mm&r=g\",\"url\":\"https:\\\/\\\/secure.gravatar.com\\\/avatar\\\/c0986a7b3a4b3afb8e546bb35ac2227e0a1becd24dc85548df3fed957e4236d3?s=96&d=mm&r=g\",\"contentUrl\":\"https:\\\/\\\/secure.gravatar.com\\\/avatar\\\/c0986a7b3a4b3afb8e546bb35ac2227e0a1becd24dc85548df3fed957e4236d3?s=96&d=mm&r=g\",\"caption\":\"Yoan Virton\"}}]}<\/script>\n<!-- \/ Yoast SEO Premium plugin. -->","yoast_head_json":{"title":"La France en retard pour l\u2019accessibilit\u00e9 des transports en commun","description":"Accessibilit\u00e9 : L\u2019ONU invite la France \u00e0 se mettre en conformit\u00e9 avec la Convention internationale des droits des personnes handicap\u00e9es.","robots":{"index":"index","follow":"follow","max-snippet":"max-snippet:-1","max-image-preview":"max-image-preview:large","max-video-preview":"max-video-preview:-1"},"canonical":"https:\/\/www.movinon.eu\/en\/nos-actualites\/france-retard-pour-accessibilite-transports-commun\/","og_locale":"en_GB","og_type":"article","og_title":"La France en retard pour l\u2019accessibilit\u00e9 des transports en commun","og_description":"Accessibilit\u00e9 : L\u2019ONU invite la France \u00e0 se mettre en conformit\u00e9 avec la Convention internationale des droits des personnes handicap\u00e9es.","og_url":"https:\/\/www.movinon.eu\/en\/nos-actualites\/france-retard-pour-accessibilite-transports-commun\/","og_site_name":"Movin&#039;On","article_published_time":"2023-04-12T08:27:15+00:00","article_modified_time":"2023-10-25T13:44:18+00:00","og_image":[{"width":2560,"height":1446,"url":"https:\/\/www.movinon.eu\/wp-content\/uploads\/2023\/04\/Mobilite-inclusive-transport-public-scaled.jpg","type":"image\/jpeg"}],"author":"Yoan Virton","twitter_card":"summary_large_image","twitter_misc":{"Written by":"Yoan Virton","Estimated reading time":"9 minutes"},"schema":{"@context":"https:\/\/schema.org","@graph":[{"@type":"Article","@id":"https:\/\/www.movinon.eu\/nos-actualites\/france-retard-pour-accessibilite-transports-commun\/#article","isPartOf":{"@id":"https:\/\/www.movinon.eu\/nos-actualites\/france-retard-pour-accessibilite-transports-commun\/"},"author":{"name":"Yoan Virton","@id":"https:\/\/www.movinon.eu\/#\/schema\/person\/2d052acf98f952f19223f80516c73adf"},"headline":"La France en retard pour l\u2019accessibilit\u00e9 des transports en commun","datePublished":"2023-04-12T08:27:15+00:00","dateModified":"2023-10-25T13:44:18+00:00","mainEntityOfPage":{"@id":"https:\/\/www.movinon.eu\/nos-actualites\/france-retard-pour-accessibilite-transports-commun\/"},"wordCount":1790,"publisher":{"@id":"https:\/\/www.movinon.eu\/#organization"},"image":{"@id":"https:\/\/www.movinon.eu\/nos-actualites\/france-retard-pour-accessibilite-transports-commun\/#primaryimage"},"thumbnailUrl":"https:\/\/www.movinon.eu\/wp-content\/uploads\/2023\/04\/Mobilite-inclusive-transport-public-scaled.jpg","keywords":["Norms &amp; Regulations","People mobility"],"articleSection":["Nos Actualit\u00e9s"],"inLanguage":"en-GB"},{"@type":"WebPage","@id":"https:\/\/www.movinon.eu\/nos-actualites\/france-retard-pour-accessibilite-transports-commun\/","url":"https:\/\/www.movinon.eu\/nos-actualites\/france-retard-pour-accessibilite-transports-commun\/","name":"La France en retard pour l\u2019accessibilit\u00e9 des transports en commun","isPartOf":{"@id":"https:\/\/www.movinon.eu\/#website"},"primaryImageOfPage":{"@id":"https:\/\/www.movinon.eu\/nos-actualites\/france-retard-pour-accessibilite-transports-commun\/#primaryimage"},"image":{"@id":"https:\/\/www.movinon.eu\/nos-actualites\/france-retard-pour-accessibilite-transports-commun\/#primaryimage"},"thumbnailUrl":"https:\/\/www.movinon.eu\/wp-content\/uploads\/2023\/04\/Mobilite-inclusive-transport-public-scaled.jpg","datePublished":"2023-04-12T08:27:15+00:00","dateModified":"2023-10-25T13:44:18+00:00","description":"Accessibilit\u00e9 : L\u2019ONU invite la France \u00e0 se mettre en conformit\u00e9 avec la Convention internationale des droits des personnes handicap\u00e9es.","inLanguage":"en-GB","potentialAction":[{"@type":"ReadAction","target":["https:\/\/www.movinon.eu\/nos-actualites\/france-retard-pour-accessibilite-transports-commun\/"]}]},{"@type":"ImageObject","inLanguage":"en-GB","@id":"https:\/\/www.movinon.eu\/nos-actualites\/france-retard-pour-accessibilite-transports-commun\/#primaryimage","url":"https:\/\/www.movinon.eu\/wp-content\/uploads\/2023\/04\/Mobilite-inclusive-transport-public-scaled.jpg","contentUrl":"https:\/\/www.movinon.eu\/wp-content\/uploads\/2023\/04\/Mobilite-inclusive-transport-public-scaled.jpg","width":2560,"height":1446,"caption":"photo fauteuil roulant transport public pour movinon"},{"@type":"WebSite","@id":"https:\/\/www.movinon.eu\/#website","url":"https:\/\/www.movinon.eu\/","name":"Association","description":"From ambition to action","publisher":{"@id":"https:\/\/www.movinon.eu\/#organization"},"potentialAction":[{"@type":"SearchAction","target":{"@type":"EntryPoint","urlTemplate":"https:\/\/www.movinon.eu\/?s={search_term_string}"},"query-input":{"@type":"PropertyValueSpecification","valueRequired":true,"valueName":"search_term_string"}}],"inLanguage":"en-GB"},{"@type":"Organization","@id":"https:\/\/www.movinon.eu\/#organization","name":"Association","url":"https:\/\/www.movinon.eu\/","logo":{"@type":"ImageObject","inLanguage":"en-GB","@id":"https:\/\/www.movinon.eu\/#\/schema\/logo\/image\/","url":"https:\/\/www.movinon.eu\/wp-content\/uploads\/2023\/02\/logo-mo.svg","contentUrl":"https:\/\/www.movinon.eu\/wp-content\/uploads\/2023\/02\/logo-mo.svg","width":186,"height":28,"caption":"Movin'On"},"image":{"@id":"https:\/\/www.movinon.eu\/#\/schema\/logo\/image\/"}},{"@type":"Person","@id":"https:\/\/www.movinon.eu\/#\/schema\/person\/2d052acf98f952f19223f80516c73adf","name":"Yoan Virton","image":{"@type":"ImageObject","inLanguage":"en-GB","@id":"https:\/\/secure.gravatar.com\/avatar\/c0986a7b3a4b3afb8e546bb35ac2227e0a1becd24dc85548df3fed957e4236d3?s=96&d=mm&r=g","url":"https:\/\/secure.gravatar.com\/avatar\/c0986a7b3a4b3afb8e546bb35ac2227e0a1becd24dc85548df3fed957e4236d3?s=96&d=mm&r=g","contentUrl":"https:\/\/secure.gravatar.com\/avatar\/c0986a7b3a4b3afb8e546bb35ac2227e0a1becd24dc85548df3fed957e4236d3?s=96&d=mm&r=g","caption":"Yoan Virton"}}]}},"_links":{"self":[{"href":"https:\/\/www.movinon.eu\/en\/wp-json\/wp\/v2\/posts\/1777","targetHints":{"allow":["GET"]}}],"collection":[{"href":"https:\/\/www.movinon.eu\/en\/wp-json\/wp\/v2\/posts"}],"about":[{"href":"https:\/\/www.movinon.eu\/en\/wp-json\/wp\/v2\/types\/post"}],"author":[{"embeddable":true,"href":"https:\/\/www.movinon.eu\/en\/wp-json\/wp\/v2\/users\/2"}],"replies":[{"embeddable":true,"href":"https:\/\/www.movinon.eu\/en\/wp-json\/wp\/v2\/comments?post=1777"}],"version-history":[{"count":32,"href":"https:\/\/www.movinon.eu\/en\/wp-json\/wp\/v2\/posts\/1777\/revisions"}],"predecessor-version":[{"id":7884,"href":"https:\/\/www.movinon.eu\/en\/wp-json\/wp\/v2\/posts\/1777\/revisions\/7884"}],"wp:featuredmedia":[{"embeddable":true,"href":"https:\/\/www.movinon.eu\/en\/wp-json\/wp\/v2\/media\/2474"}],"wp:attachment":[{"href":"https:\/\/www.movinon.eu\/en\/wp-json\/wp\/v2\/media?parent=1777"}],"wp:term":[{"taxonomy":"category","embeddable":true,"href":"https:\/\/www.movinon.eu\/en\/wp-json\/wp\/v2\/categories?post=1777"},{"taxonomy":"post_tag","embeddable":true,"href":"https:\/\/www.movinon.eu\/en\/wp-json\/wp\/v2\/tags?post=1777"}],"curies":[{"name":"wp","href":"https:\/\/api.w.org\/{rel}","templated":true}]}}